{"id":987,"date":"2022-07-05T09:00:30","date_gmt":"2022-07-05T08:00:30","guid":{"rendered":"http:\/\/www.zeldi.de\/blog\/?p=987"},"modified":"2022-07-05T09:03:31","modified_gmt":"2022-07-05T08:03:31","slug":"freiheit-mit-dwt-buszelten","status":"publish","type":"post","link":"https:\/\/www.zeldi.de\/blog\/?p=987","title":{"rendered":"Freiheit mit DWT Buszelten!"},"content":{"rendered":"<p>F\u00fcr dich gilt, Urlaub ist nur mit einem Bulli?<br \/>Wie geil, es ist wirklich etwas ganz Besonderes sich nicht immer direkt, f\u00fcr einen Urlaubsort zu entscheiden. Mit den Vorzelten von DWT f\u00fcr Busse <!--more-->brauchst du das auch nicht, so schnell wie ausgepackt sind diese auch schon wieder verstaut.<\/p>\n<p>Erlebe deine <a href=\"https:\/\/www.zeldi.de\/serie\/108-dwt-buszelte.html\" data-wplink-edit=\"true\">Freiheit mit DWT.<\/a><\/p>\n<p><!--more--><\/p>\n\n\n<figure class=\"wp-block-image\"><img loading=\"lazy\" decoding=\"async\" width=\"600\" height=\"396\" src=\"https:\/\/www.zeldi.de\/blog\/wp-content\/uploads\/2022\/07\/dwt_picco.jpg\" alt=\"\" class=\"wp-image-993\" srcset=\"https:\/\/www.zeldi.de\/blog\/wp-content\/uploads\/2022\/07\/dwt_picco.jpg 600w, https:\/\/www.zeldi.de\/blog\/wp-content\/uploads\/2022\/07\/dwt_picco-300x198.jpg 300w\" sizes=\"auto, (max-width: 600px) 100vw, 600px\" \/><figcaption><a href=\"https:\/\/www.zeldi.de\/4-Vorzelte\/1288-Mobil-Bus-Vorzelte\/1598-DWT-Picco-Air-NEU-2021\/\">DWT Picco Buszelt<\/a><\/figcaption><\/figure>\n\n\n<p>Das Picco Buszelt von DWT<\/p>\n<p>Das <a href=\"https:\/\/www.zeldi.de\/4-Vorzelte\/1288-Mobil-Bus-Vorzelte\/1598-DWT-Picco-Air-NEU-2021\/\">Picco Buszelt<\/a> ist ideal f\u00fcr Globetrotter und jene die es noch werden wollen. Das Buszelt ist Platzsparend und doch ger\u00e4umig, ein Zeltmodell in zwei unterschiedlichen Konstruktionen. Du hast die Wahl zwischen konventionellem GFK-Gest\u00e4nge und einer Luftschlauch-Konstruktion.&nbsp;<\/p>\n<p>Picco Buszelt: Schnell und einfach aufgebaut, <a href=\"https:\/\/www.zeldi.de\/4-Vorzelte\/1288-Mobil-Bus-Vorzelte\/1598-DWT-Picco-Air-NEU-2021\/\">schlag zu.<\/a><\/p>\n\n\n<figure class=\"wp-block-image is-resized\"><img loading=\"lazy\" decoding=\"async\" src=\"https:\/\/www.zeldi.de\/blog\/wp-content\/uploads\/2022\/07\/dwt_fjord.jpg\" alt=\"\" class=\"wp-image-997\" width=\"574\" height=\"419\" srcset=\"https:\/\/www.zeldi.de\/blog\/wp-content\/uploads\/2022\/07\/dwt_fjord.jpg 500w, https:\/\/www.zeldi.de\/blog\/wp-content\/uploads\/2022\/07\/dwt_fjord-300x219.jpg 300w\" sizes=\"auto, (max-width: 574px) 100vw, 574px\" \/><\/figure>\n\n\n<h2>DWT Modell Fjord<\/h2>\n<p>Das<a href=\"https:\/\/www.zeldi.de\/dwt-buszelt-fjord-30.html\"> DWT Buszelt<\/a> ist frei stehend, kann als Schlafplatz sowie auch zum Sitzen oder als Stauraum genutzt werden. Es verf\u00fcgt \u00fcber einen separaten Boden, so, dass keine Feuchtigkeit in den Innenraum treten kann.<\/p>\n<p>Das<a href=\"https:\/\/www.zeldi.de\/dwt-buszelt-fjord-30.html\"> Modell Fjord 30<\/a> ist ideal f\u00fcr die beliebten Minivans von Mercedes, VW, Ford, Peugeot und Citro\u00ebn. Die Befestigung an der Dachreling erfolgt einfach \u00fcber Klettb\u00e4nder.&nbsp;<\/p>\n\n\n<figure class=\"wp-block-image is-resized\"><img loading=\"lazy\" decoding=\"async\" src=\"https:\/\/www.zeldi.de\/blog\/wp-content\/uploads\/2022\/07\/dwt_patron.jpg\" alt=\"\" class=\"wp-image-999\" width=\"586\" height=\"430\" srcset=\"https:\/\/www.zeldi.de\/blog\/wp-content\/uploads\/2022\/07\/dwt_patron.jpg 529w, https:\/\/www.zeldi.de\/blog\/wp-content\/uploads\/2022\/07\/dwt_patron-300x220.jpg 300w\" sizes=\"auto, (max-width: 586px) 100vw, 586px\" \/><figcaption> <a href=\"https:\/\/www.zeldi.de\/dwt-buszelt-patron-air-hq-neu-2017.html\">DWT Buszelt Patron Air HQ <\/a><\/figcaption><\/figure>\n\n\n<p>DWT Buszelt Patron Air HQ<\/p>\n<p>Das Modell <a href=\"https:\/\/www.zeldi.de\/dwt-buszelt-patron-air-hq-neu-2017.html\">Patron Air HQ<\/a> \u00fcberzeugt durch Qualit\u00e4t, sein tolles Design und die super Ausstattung. Durch das Air-In-Systems gelingt der Aufbau in Minutenschnelle und ist auch genau so schnell wieder abgebaut, um weiter zu ziehen. Mehr<a href=\"https:\/\/www.zeldi.de\/dwt-buszelt-patron-air-hq-neu-2017.html\"> Infos &#8230;!<\/a><\/p>\n\n\n<figure class=\"wp-block-image\"><img loading=\"lazy\" decoding=\"async\" width=\"600\" height=\"503\" src=\"https:\/\/www.zeldi.de\/blog\/wp-content\/uploads\/2022\/07\/buszelt_dwt.png\" alt=\"\" class=\"wp-image-1000\" srcset=\"https:\/\/www.zeldi.de\/blog\/wp-content\/uploads\/2022\/07\/buszelt_dwt.png 600w, https:\/\/www.zeldi.de\/blog\/wp-content\/uploads\/2022\/07\/buszelt_dwt-300x252.png 300w\" sizes=\"auto, (max-width: 600px) 100vw, 600px\" \/><figcaption><a href=\"https:\/\/www.zeldi.de\/serie\/108-dwt-buszelte.html\">DWT Buszelte<\/a><\/figcaption><\/figure>\n","protected":false},"excerpt":{"rendered":"<p>Mit den Vorzelten von DWT f\u00fcr Busse<br \/>\nbrauchst du das auch nicht, so schnell wie ausgepackt sind diese auch schon wieder verstaut.<\/p>\n<p>Erlebe deine Freiheit mit DWT.<\/p>\n","protected":false},"author":3,"featured_media":988,"comment_status":"open","ping_status":"closed","sticky":false,"template":"","format":"standard","meta":{"footnotes":""},"categories":[5],"tags":[220,44,222,219,221,41,218],"class_list":["post-987","post","type-post","status-publish","format-standard","has-post-thumbnail","hentry","category-aktuelles","tag-bus-vorzelte","tag-dwt","tag-dwt-airzelte","tag-dwt-buszelte","tag-dwt-vorzelte","tag-vorzelte","tag-vuszelte"],"aioseo_notices":[],"_links":{"self":[{"href":"https:\/\/www.zeldi.de\/blog\/index.php?rest_route=\/wp\/v2\/posts\/987","targetHints":{"allow":["GET"]}}],"collection":[{"href":"https:\/\/www.zeldi.de\/blog\/index.php?rest_route=\/wp\/v2\/posts"}],"about":[{"href":"https:\/\/www.zeldi.de\/blog\/index.php?rest_route=\/wp\/v2\/types\/post"}],"author":[{"embeddable":true,"href":"https:\/\/www.zeldi.de\/blog\/index.php?rest_route=\/wp\/v2\/users\/3"}],"replies":[{"embeddable":true,"href":"https:\/\/www.zeldi.de\/blog\/index.php?rest_route=%2Fwp%2Fv2%2Fcomments&post=987"}],"version-history":[{"count":10,"href":"https:\/\/www.zeldi.de\/blog\/index.php?rest_route=\/wp\/v2\/posts\/987\/revisions"}],"predecessor-version":[{"id":1002,"href":"https:\/\/www.zeldi.de\/blog\/index.php?rest_route=\/wp\/v2\/posts\/987\/revisions\/1002"}],"wp:featuredmedia":[{"embeddable":true,"href":"https:\/\/www.zeldi.de\/blog\/index.php?rest_route=\/wp\/v2\/media\/988"}],"wp:attachment":[{"href":"https:\/\/www.zeldi.de\/blog\/index.php?rest_route=%2Fwp%2Fv2%2Fmedia&parent=987"}],"wp:term":[{"taxonomy":"category","embeddable":true,"href":"https:\/\/www.zeldi.de\/blog\/index.php?rest_route=%2Fwp%2Fv2%2Fcategories&post=987"},{"taxonomy":"post_tag","embeddable":true,"href":"https:\/\/www.zeldi.de\/blog\/index.php?rest_route=%2Fwp%2Fv2%2Ftags&post=987"}],"curies":[{"name":"wp","href":"https:\/\/api.w.org\/{rel}","templated":true}]}}