{"id":915,"date":"2022-02-14T08:55:45","date_gmt":"2022-02-14T07:55:45","guid":{"rendered":"http:\/\/www.zeldi.de\/blog\/?p=915"},"modified":"2022-02-14T08:55:46","modified_gmt":"2022-02-14T07:55:46","slug":"das-luftvorzelt-kampa-dwt-oder-isabella-welches-soll-es-sein","status":"publish","type":"post","link":"https:\/\/www.zeldi.de\/blog\/?p=915","title":{"rendered":"Das Luftvorzelt \u2013 Kampa, DWT oder Isabella welches soll es sein?"},"content":{"rendered":"<p>Du willst dir ein Luftvorzelt kaufen? Jetzt hast du Fragen? \u00a0<br \/>Die h\u00e4ufigsten Fragen sind: Ist mein Wohnwagen\/Wohnmobil f\u00fcr ein Luftvorzelt geeignet?<br \/>Welche Marke soll ich kaufen?<!--more--><\/p>\n<p>Um dir deine Entscheidung einfacher zu machen, stellen wir <a href=\"https:\/\/www.zeldi.de\/4-Vorzelte\/1631-Air-Zelte\/\">HIER<\/a> die drei bekanntesten Marken von Air Zelten vor und wenn dich noch immer Fragen qu\u00e4len sollten, dann ruf uns an<br \/>02365 \/ 2000 800.<!--more--><!--more--><\/p>\n\n\n<figure class=\"wp-block-image is-resized\"><img loading=\"lazy\" decoding=\"async\" src=\"https:\/\/www.zeldi.de\/blog\/wp-content\/uploads\/2022\/02\/isabella_air.jpg\" alt=\"\" class=\"wp-image-919\" width=\"560\" height=\"326\" srcset=\"https:\/\/www.zeldi.de\/blog\/wp-content\/uploads\/2022\/02\/isabella_air.jpg 600w, https:\/\/www.zeldi.de\/blog\/wp-content\/uploads\/2022\/02\/isabella_air-300x175.jpg 300w\" sizes=\"auto, (max-width: 560px) 100vw, 560px\" \/><figcaption><a href=\"https:\/\/www.zeldi.de\/4-Vorzelte\/1287-Teil-Vorzelte\/1491-Isabella-Air-Cirrus-North-300-400\/\">Isabella Air<\/a><\/figcaption><\/figure>\n\n\n<h2>Das Isabella Luftzelt Cirrus North 400<\/h2>\n<p>Dein neues <a href=\"https:\/\/www.zeldi.de\/isabella-luftzelt-cirrus-north-400-neu-2020.html\">Isabella Air Cirrus<\/a> North 400 Luftvorzelt mit atmungsaktivem Isacyl Gewebe und modernster Lufttechnik. Kommt nicht nur mit hoher Qualit\u00e4t, einfach im Aufbau und mit \u00fcber 60 Jahren Erfahrung im Vorzeltbau daher, sondern auch serienm\u00e4\u00dfig mit Gardinensatz, Andruckpolster individuell mit Luft zu Bef\u00fcllen, 1 Luftkanal f\u00fcr Verandal\u00f6sung, Hochleistungspumpe mit 2 Hubst\u00e4rken, Windblende, Radkastenabdeckung, Abspannmaterial, Zelttasche, Heringssack, Heringsauszieher.<\/p>\n<p>Die Ma\u00dfe des<a href=\"https:\/\/www.zeldi.de\/isabella-luftzelt-cirrus-north-400-neu-2020.html\"> Isabella Luftzelt<\/a><br>Breite (cm): 400<br>Tiefe (cm): 275<br>F\u00fcr Fahrzeuge mit Anschlussh\u00f6he zwischen (cm): 242 \u2013 260<br>Kederl\u00e4nge komplett (cm): 410<br>Seitl. Dach\u00fcberstand (cm): 2 x 23<br>Breite oben am Keder innen (cm): 364<\/p>\n<p>mehr Informationen findest du<a href=\"https:\/\/www.zeldi.de\/4-Vorzelte\/1287-Teil-Vorzelte\/1491-Isabella-Air-Cirrus-North-300-400\/\"> HIER!<\/a><\/p>\n\n\n<figure class=\"wp-block-image is-resized\"><img loading=\"lazy\" decoding=\"async\" src=\"https:\/\/www.zeldi.de\/blog\/wp-content\/uploads\/2022\/02\/kampa_air_rally.jpg\" alt=\"\" class=\"wp-image-921\" width=\"564\" height=\"373\" srcset=\"https:\/\/www.zeldi.de\/blog\/wp-content\/uploads\/2022\/02\/kampa_air_rally.jpg 600w, https:\/\/www.zeldi.de\/blog\/wp-content\/uploads\/2022\/02\/kampa_air_rally-300x199.jpg 300w\" sizes=\"auto, (max-width: 564px) 100vw, 564px\" \/><figcaption><a href=\"https:\/\/www.zeldi.de\/4-Vorzelte\/1288-Mobil-Bus-Vorzelte\/1300-Kampa-Rally-Air-Pro-260-330-390-D-A\/\">Kampa Rally Air Pro <\/a><\/figcaption><\/figure>\n\n\n<p>Kampa Rally Air Pro 260\/330\/390 D\/A<br \/>Dein <a href=\"https:\/\/www.zeldi.de\/4-Vorzelte\/1288-Mobil-Bus-Vorzelte\/1300-Kampa-Rally-Air-Pro-260-330-390-D-A\/\">Kampa Rally Air Pro<\/a> wurde f\u00fcr eine breite Palette von Fahrzeugen entwickelt und erm\u00f6glicht, das Vorzelt vor Ort ohne Caravan stehen zu lassen. Das Kampa Rally Air Pro ist dank der Einzelpunkttechnologie schnell und einfach aufzubauen.<br \/>Das Air Zelt ist in 3 Gr\u00f6\u00dfen erh\u00e4ltlich: 260 cm, 330 cm und 390 cm<br \/>das Rally Air 330 gibt es in zwei unterschiedlichen Materialien: PRO (Polyester) oder All-Season (Baumwoll-Polyestergemisch). Das freistehende <a href=\"https:\/\/www.zeldi.de\/4-Vorzelte\/1288-Mobil-Bus-Vorzelte\/1300-Kampa-Rally-Air-Pro-260-330-390-D-A\/\">Kampa<\/a> Vorzelt ist besonders gut f\u00fcr Kastenfahrzeuge (Ducato \/ Sprinter etc.) geeignet und f\u00fcr Reisemobile, wo die Markise sehr nah an der Eingangst\u00fcr montiert ist.<\/p>\n\n\n<figure class=\"wp-block-image is-resized\"><img loading=\"lazy\" decoding=\"async\" src=\"https:\/\/www.zeldi.de\/blog\/wp-content\/uploads\/2022\/02\/dwt.jpg\" alt=\"\" class=\"wp-image-924\" width=\"543\" height=\"401\" srcset=\"https:\/\/www.zeldi.de\/blog\/wp-content\/uploads\/2022\/02\/dwt.jpg 502w, https:\/\/www.zeldi.de\/blog\/wp-content\/uploads\/2022\/02\/dwt-300x222.jpg 300w\" sizes=\"auto, (max-width: 543px) 100vw, 543px\" \/><figcaption><a href=\"https:\/\/www.zeldi.de\/4-Vorzelte\/1287-Teil-Vorzelte\/1054-DWT-Space-Air-HQ-fuer-Wohnwagen-Reisemobile\/\">DWT Space Air HQ &#8211; f\u00fcr Wohnwagen &amp; Reisemobile<\/a><\/figcaption><\/figure>\n\n\n<h2>Das DWT Space Air HQ<\/h2>\n<p>Dein neues <a href=\"https:\/\/www.zeldi.de\/4-Vorzelte\/1287-Teil-Vorzelte\/1054-DWT-Space-Air-HQ-fuer-Wohnwagen-Reisemobile\/\">DWT Space Air HQ 260<\/a> Reisevorzelt ist komfortabel und stabil. Durch das Air-In-System ist es k\u00fcrzester Zeit aufgebaut. Das robuste und hochwertige HQ-Gewebe verleiht dem Zelt seine solide Standfestigkeit. Das <a href=\"https:\/\/www.zeldi.de\/4-Vorzelte\/1287-Teil-Vorzelte\/1054-DWT-Space-Air-HQ-fuer-Wohnwagen-Reisemobile\/\">DWT Space Air HQ<\/a> ist von au\u00dfen abspannbar. Die extra gro\u00dfen Gaze-Panorama-Fenster bieten eine hervorragende Aussicht.<\/p>\n\n<p>Mehr Informationen zu Air Vorzelten, wie Ma\u00dfe, verschiedene Hersteller,<br \/>Materialien, Preise findest du <a href=\"https:\/\/www.zeldi.de\/4-Vorzelte\/1631-Air-Zelte\/\">HIER!<\/a><\/p>","protected":false},"excerpt":{"rendered":"<p>Wir stellen dir die drei bekanntesten Marken von Air zelten vor. Fragen, dann ruf uns an<br \/>\n02365 \/ 2000 800.<\/p>\n","protected":false},"author":3,"featured_media":918,"comment_status":"open","ping_status":"closed","sticky":false,"template":"","format":"standard","meta":{"footnotes":""},"categories":[7],"tags":[204,201,202,124,206,205,58,41,203],"class_list":["post-915","post","type-post","status-publish","format-standard","has-post-thumbnail","hentry","category-tipps-und-trends","tag-airvorzelt","tag-airvorzelte","tag-busvorzelte","tag-caravan","tag-dwt-vorzelt","tag-isabella-vorzelt","tag-kampa-vorzelt","tag-vorzelte","tag-wohnwagen-vorzelte"],"aioseo_notices":[],"_links":{"self":[{"href":"https:\/\/www.zeldi.de\/blog\/index.php?rest_route=\/wp\/v2\/posts\/915","targetHints":{"allow":["GET"]}}],"collection":[{"href":"https:\/\/www.zeldi.de\/blog\/index.php?rest_route=\/wp\/v2\/posts"}],"about":[{"href":"https:\/\/www.zeldi.de\/blog\/index.php?rest_route=\/wp\/v2\/types\/post"}],"author":[{"embeddable":true,"href":"https:\/\/www.zeldi.de\/blog\/index.php?rest_route=\/wp\/v2\/users\/3"}],"replies":[{"embeddable":true,"href":"https:\/\/www.zeldi.de\/blog\/index.php?rest_route=%2Fwp%2Fv2%2Fcomments&post=915"}],"version-history":[{"count":9,"href":"https:\/\/www.zeldi.de\/blog\/index.php?rest_route=\/wp\/v2\/posts\/915\/revisions"}],"predecessor-version":[{"id":928,"href":"https:\/\/www.zeldi.de\/blog\/index.php?rest_route=\/wp\/v2\/posts\/915\/revisions\/928"}],"wp:featuredmedia":[{"embeddable":true,"href":"https:\/\/www.zeldi.de\/blog\/index.php?rest_route=\/wp\/v2\/media\/918"}],"wp:attachment":[{"href":"https:\/\/www.zeldi.de\/blog\/index.php?rest_route=%2Fwp%2Fv2%2Fmedia&parent=915"}],"wp:term":[{"taxonomy":"category","embeddable":true,"href":"https:\/\/www.zeldi.de\/blog\/index.php?rest_route=%2Fwp%2Fv2%2Fcategories&post=915"},{"taxonomy":"post_tag","embeddable":true,"href":"https:\/\/www.zeldi.de\/blog\/index.php?rest_route=%2Fwp%2Fv2%2Ftags&post=915"}],"curies":[{"name":"wp","href":"https:\/\/api.w.org\/{rel}","templated":true}]}}