{"id":890,"date":"2021-12-10T11:06:00","date_gmt":"2021-12-10T10:06:00","guid":{"rendered":"http:\/\/www.zeldi.de\/blog\/?p=890"},"modified":"2021-12-10T11:06:01","modified_gmt":"2021-12-10T10:06:01","slug":"dometic-kampa-und-co-im-santa-sale","status":"publish","type":"post","link":"https:\/\/www.zeldi.de\/blog\/?p=890","title":{"rendered":"Dometic, Kampa und Co. im Santa Sale!"},"content":{"rendered":"<p>Shoppe jetzt die Angebote im Santa Sale! Genie\u00dfe die Weihnachtszeit in vollen Z\u00fcgen mit k\u00f6stlichen Pl\u00e4tzchen und einer hei\u00dfen Schokolade l\u00e4sst es sich noch einfacher online bummeln! <!--more-->Klick dich gl\u00fccklich im <a href=\"https:\/\/www.zeldi.de\/1620-Santa-Sale\/\">Santa Sale<\/a>.<\/p>\n\n\n<figure class=\"wp-block-image\"><img loading=\"lazy\" decoding=\"async\" width=\"580\" height=\"390\" src=\"https:\/\/www.zeldi.de\/blog\/wp-content\/uploads\/2021\/12\/schlafkabine.jpg\" alt=\"\" class=\"wp-image-893\" srcset=\"https:\/\/www.zeldi.de\/blog\/wp-content\/uploads\/2021\/12\/schlafkabine.jpg 580w, https:\/\/www.zeldi.de\/blog\/wp-content\/uploads\/2021\/12\/schlafkabine-300x202.jpg 300w\" sizes=\"auto, (max-width: 580px) 100vw, 580px\" \/><figcaption><a href=\"https:\/\/www.zeldi.de\/1620-Santa-Sale\/\">Kampa Dometic Pro Air Annexe Seitenanbau inkl. Schlafkabine<\/a><\/figcaption><\/figure>\n\n\n\n<figure class=\"wp-block-image\"><img loading=\"lazy\" decoding=\"async\" width=\"600\" height=\"442\" src=\"https:\/\/www.zeldi.de\/blog\/wp-content\/uploads\/2021\/12\/dometic.jpg\" alt=\"\" class=\"wp-image-895\" srcset=\"https:\/\/www.zeldi.de\/blog\/wp-content\/uploads\/2021\/12\/dometic.jpg 600w, https:\/\/www.zeldi.de\/blog\/wp-content\/uploads\/2021\/12\/dometic-300x221.jpg 300w\" sizes=\"auto, (max-width: 600px) 100vw, 600px\" \/><figcaption><a href=\"https:\/\/www.zeldi.de\/1620-Santa-Sale\/\"> Kampa Dometic Pro Air Annexe Seitenanbau inkl. Schlafkabine<\/a><br> <\/figcaption><\/figure>\n\n\n<h2 class=\"bigger\">Die Kampa Dometic Pro Air Annexe Seitenanbau inkl. Schlafkabine!<\/h2>\n<p>Die Annexe Seitenanbauwand wird \u00fcber den Rei\u00dfverschluss der vorher heraus gezippten Seitenwand eingezogen. Ein wirklicher Raumgewinn incl. Schlafkabine. Die Ausf\u00fchrung mit Luftschlauch ist neu.<\/p>\n<p>Ma\u00dfe: 180 x 220 cm (B x T)<br \/>Gewicht: 7 kg<br \/>Packma\u00df: 65 x 18 x 18 cm<\/p>\n<p>Toller <a href=\"https:\/\/www.zeldi.de\/1620-Santa-Sale\/\">Santa Sale<\/a>!<\/p>\n\n\n<figure class=\"wp-block-image\"><img loading=\"lazy\" decoding=\"async\" width=\"600\" height=\"511\" src=\"https:\/\/www.zeldi.de\/blog\/wp-content\/uploads\/2021\/12\/schlafsack.jpg\" alt=\"\" class=\"wp-image-897\" srcset=\"https:\/\/www.zeldi.de\/blog\/wp-content\/uploads\/2021\/12\/schlafsack.jpg 600w, https:\/\/www.zeldi.de\/blog\/wp-content\/uploads\/2021\/12\/schlafsack-300x256.jpg 300w\" sizes=\"auto, (max-width: 600px) 100vw, 600px\" \/><figcaption> <a href=\"https:\/\/www.zeldi.de\/1620-Santa-Sale\/\">Kampa Dometic Schlafsack Annecy Lux (rot) <\/a><\/figcaption><\/figure>\n\n\n<h2 class=\"bigger\">Der Kampa Dometic Schlafsack Annecy Lux!<\/h2>\n<p>F\u00fcr einen erholsamen Schlaf, ist der <a href=\"https:\/\/www.zeldi.de\/1620-Santa-Sale\/\">Schlafsack von Kampa<\/a> ideal. er ist nicht nur angenehm auf der Haut, erf\u00fchlt sich auch kuschelig warm an. der Schlafsack von Kampa ist gro\u00dfz\u00fcgig geschnitten mit einem Ma\u00dfe: 215 x 75 cm mit einer F\u00fcllung: UltraLoft+.<br \/>das Obermaterial besteht aus\u00a0 190T Polyester, das Innnenmaterial aus 190T Polyester.<\/p>\n<p>Comfort: +11,2\u00b0C<br \/>Limit: +7,2\u00b0C<br \/>Extreme: -5,1 \u00b0C<\/p>\n<p>Im weihnachtlichem Rot!<br \/>Jetzt kaufen im Santa Sale!<\/p>\n<p>Noch mehr tolle <a href=\"https:\/\/www.zeldi.de\/1620-Santa-Sale\/\">Santa Sale<\/a> Angebote findest du<a href=\"https:\/\/www.zeldi.de\/1620-Santa-Sale\/\"> Hier<\/a>!<\/p>","protected":false},"excerpt":{"rendered":"<p>Shoppe jetzt die Angebote im Santa Sale! Genie\u00dfe die Weihnachtszeit in vollen Z\u00fcgen mit k\u00f6stlichen Pl\u00e4tzchen und einer hei\u00dfen Schokolade<\/p>\n","protected":false},"author":3,"featured_media":899,"comment_status":"open","ping_status":"closed","sticky":false,"template":"","format":"standard","meta":{"footnotes":""},"categories":[5],"tags":[65,193,20,68,43,73,41,194,195,17],"class_list":["post-890","post","type-post","status-publish","format-standard","has-post-thumbnail","hentry","category-aktuelles","tag-angebote","tag-dometic","tag-kampa","tag-sale","tag-thule","tag-vorzelt","tag-vorzelte","tag-weihnachtsangebote","tag-wintercampen","tag-zelte"],"aioseo_notices":[],"_links":{"self":[{"href":"https:\/\/www.zeldi.de\/blog\/index.php?rest_route=\/wp\/v2\/posts\/890","targetHints":{"allow":["GET"]}}],"collection":[{"href":"https:\/\/www.zeldi.de\/blog\/index.php?rest_route=\/wp\/v2\/posts"}],"about":[{"href":"https:\/\/www.zeldi.de\/blog\/index.php?rest_route=\/wp\/v2\/types\/post"}],"author":[{"embeddable":true,"href":"https:\/\/www.zeldi.de\/blog\/index.php?rest_route=\/wp\/v2\/users\/3"}],"replies":[{"embeddable":true,"href":"https:\/\/www.zeldi.de\/blog\/index.php?rest_route=%2Fwp%2Fv2%2Fcomments&post=890"}],"version-history":[{"count":6,"href":"https:\/\/www.zeldi.de\/blog\/index.php?rest_route=\/wp\/v2\/posts\/890\/revisions"}],"predecessor-version":[{"id":900,"href":"https:\/\/www.zeldi.de\/blog\/index.php?rest_route=\/wp\/v2\/posts\/890\/revisions\/900"}],"wp:featuredmedia":[{"embeddable":true,"href":"https:\/\/www.zeldi.de\/blog\/index.php?rest_route=\/wp\/v2\/media\/899"}],"wp:attachment":[{"href":"https:\/\/www.zeldi.de\/blog\/index.php?rest_route=%2Fwp%2Fv2%2Fmedia&parent=890"}],"wp:term":[{"taxonomy":"category","embeddable":true,"href":"https:\/\/www.zeldi.de\/blog\/index.php?rest_route=%2Fwp%2Fv2%2Fcategories&post=890"},{"taxonomy":"post_tag","embeddable":true,"href":"https:\/\/www.zeldi.de\/blog\/index.php?rest_route=%2Fwp%2Fv2%2Ftags&post=890"}],"curies":[{"name":"wp","href":"https:\/\/api.w.org\/{rel}","templated":true}]}}