{"id":813,"date":"2021-07-13T10:10:33","date_gmt":"2021-07-13T09:10:33","guid":{"rendered":"http:\/\/www.zeldi.de\/blog\/?p=813"},"modified":"2021-07-13T10:17:39","modified_gmt":"2021-07-13T09:17:39","slug":"mit-dem-zeltberater-findest-du-das-passende-zelt","status":"publish","type":"post","link":"https:\/\/www.zeldi.de\/blog\/?p=813","title":{"rendered":"Mit dem Zeltberater findest du das passende Zelt!"},"content":{"rendered":"<p>Das Internet ist voll mit guten und tollen Ratschl\u00e4gen \u00fcber das Campen. Alles wird akribisch erkl\u00e4rt, welche Dokumente braucht man f\u00fcrs Campen, Reiseapotheke, Elektronik, das beladen das Fahren sogar, wie man sein Reiseziel aussucht. Aber welches Vorzelt meinen Bed\u00fcrfnissen entspricht,<!--more--> welche Gr\u00f6\u00dfe zu meinem Camper passt oder auf welche <a href=\"https:\/\/www.zeldi.de\/produktfinder.html\">Einzugsrichtung geachtet<\/a> werden muss, NICHT VIEL!<\/p>\n<p>Deshalb haben wir den Zeltberater entwickelt, einfach und schnell zu bedienen und wenn du noch Fragen hast, dann ruf uns einfach an.<\/p>\n\n\n<figure class=\"wp-block-image is-resized\"><img loading=\"lazy\" decoding=\"async\" src=\"https:\/\/www.zeldi.de\/blog\/wp-content\/uploads\/2021\/07\/zelt3.jpg\" alt=\"\" class=\"wp-image-818\" width=\"589\" height=\"479\" srcset=\"https:\/\/www.zeldi.de\/blog\/wp-content\/uploads\/2021\/07\/zelt3.jpg 600w, https:\/\/www.zeldi.de\/blog\/wp-content\/uploads\/2021\/07\/zelt3-300x245.jpg 300w\" sizes=\"auto, (max-width: 589px) 100vw, 589px\" \/><figcaption>Der Zeltberater und so <a href=\"https:\/\/www.zeldi.de\/produktfinder.html\">funktioniert es!<\/a><\/figcaption><\/figure>\n\n\n<p>Finde dein Zelt, mit dem<a href=\"https:\/\/www.zeldi.de\/produktfinder.html\"> Zeltberater<\/a> von Zeldi!<\/p>\n\n\n<figure class=\"wp-block-image\"><img loading=\"lazy\" decoding=\"async\" width=\"588\" height=\"435\" src=\"https:\/\/www.zeldi.de\/blog\/wp-content\/uploads\/2021\/07\/1.jpg\" alt=\"\" class=\"wp-image-822\" srcset=\"https:\/\/www.zeldi.de\/blog\/wp-content\/uploads\/2021\/07\/1.jpg 588w, https:\/\/www.zeldi.de\/blog\/wp-content\/uploads\/2021\/07\/1-300x222.jpg 300w\" sizes=\"auto, (max-width: 588px) 100vw, 588px\" \/><figcaption><a href=\"https:\/\/www.zeldi.de\/4-Vorzelte\/1347-Air-Vorzelte\/1349-Wohnwagen\/\">Kampa Vorzelt<\/a><\/figcaption><\/figure>\n\n\n\n<figure class=\"wp-block-image\"><img loading=\"lazy\" decoding=\"async\" width=\"589\" height=\"364\" src=\"https:\/\/www.zeldi.de\/blog\/wp-content\/uploads\/2021\/07\/2.jpg\" alt=\"\" class=\"wp-image-823\" srcset=\"https:\/\/www.zeldi.de\/blog\/wp-content\/uploads\/2021\/07\/2.jpg 589w, https:\/\/www.zeldi.de\/blog\/wp-content\/uploads\/2021\/07\/2-300x185.jpg 300w\" sizes=\"auto, (max-width: 589px) 100vw, 589px\" \/><figcaption><a href=\"https:\/\/www.zeldi.de\/serie\/93-brand-vorzelte.html\">Brand Vorzelte<\/a><\/figcaption><\/figure>\n\n\n\n<figure class=\"wp-block-image\"><img loading=\"lazy\" decoding=\"async\" width=\"589\" height=\"525\" src=\"https:\/\/www.zeldi.de\/blog\/wp-content\/uploads\/2021\/07\/3.jpg\" alt=\"\" class=\"wp-image-824\" srcset=\"https:\/\/www.zeldi.de\/blog\/wp-content\/uploads\/2021\/07\/3.jpg 589w, https:\/\/www.zeldi.de\/blog\/wp-content\/uploads\/2021\/07\/3-300x267.jpg 300w\" sizes=\"auto, (max-width: 589px) 100vw, 589px\" \/><figcaption><a href=\"https:\/\/www.zeldi.de\/serie\/127-ventura-buszelte.html\">Ventura Vorzelte<\/a><\/figcaption><\/figure>\n","protected":false},"excerpt":{"rendered":"<p>Ratschl\u00e4gen \u00fcber das Campen.<br \/>\nDeshalb haben wir den Zeltberater entwickelt, einfach und schnell zu bedienen und wenn du noch Fragen hast, dann ruf uns einfach an.<\/p>\n","protected":false},"author":3,"featured_media":816,"comment_status":"open","ping_status":"closed","sticky":false,"template":"","format":"standard","meta":{"footnotes":""},"categories":[7],"tags":[18,174,176,133,26,43,173,172,175],"class_list":["post-813","post","type-post","status-publish","format-standard","has-post-thumbnail","hentry","category-tipps-und-trends","tag-air-zelt","tag-beratung-zelt","tag-brandzelte","tag-dwt-zelte","tag-luftzelt","tag-thule","tag-vorzelt-familienzelt","tag-zeltberater","tag-zeltberatung"],"aioseo_notices":[],"_links":{"self":[{"href":"https:\/\/www.zeldi.de\/blog\/index.php?rest_route=\/wp\/v2\/posts\/813","targetHints":{"allow":["GET"]}}],"collection":[{"href":"https:\/\/www.zeldi.de\/blog\/index.php?rest_route=\/wp\/v2\/posts"}],"about":[{"href":"https:\/\/www.zeldi.de\/blog\/index.php?rest_route=\/wp\/v2\/types\/post"}],"author":[{"embeddable":true,"href":"https:\/\/www.zeldi.de\/blog\/index.php?rest_route=\/wp\/v2\/users\/3"}],"replies":[{"embeddable":true,"href":"https:\/\/www.zeldi.de\/blog\/index.php?rest_route=%2Fwp%2Fv2%2Fcomments&post=813"}],"version-history":[{"count":5,"href":"https:\/\/www.zeldi.de\/blog\/index.php?rest_route=\/wp\/v2\/posts\/813\/revisions"}],"predecessor-version":[{"id":825,"href":"https:\/\/www.zeldi.de\/blog\/index.php?rest_route=\/wp\/v2\/posts\/813\/revisions\/825"}],"wp:featuredmedia":[{"embeddable":true,"href":"https:\/\/www.zeldi.de\/blog\/index.php?rest_route=\/wp\/v2\/media\/816"}],"wp:attachment":[{"href":"https:\/\/www.zeldi.de\/blog\/index.php?rest_route=%2Fwp%2Fv2%2Fmedia&parent=813"}],"wp:term":[{"taxonomy":"category","embeddable":true,"href":"https:\/\/www.zeldi.de\/blog\/index.php?rest_route=%2Fwp%2Fv2%2Fcategories&post=813"},{"taxonomy":"post_tag","embeddable":true,"href":"https:\/\/www.zeldi.de\/blog\/index.php?rest_route=%2Fwp%2Fv2%2Ftags&post=813"}],"curies":[{"name":"wp","href":"https:\/\/api.w.org\/{rel}","templated":true}]}}