{"id":746,"date":"2021-03-11T11:36:23","date_gmt":"2021-03-11T10:36:23","guid":{"rendered":"http:\/\/www.zeldi.de\/blog\/?p=746"},"modified":"2021-03-11T11:36:25","modified_gmt":"2021-03-11T10:36:25","slug":"ei-ei-ei-die-osterangebote-von-kampa-und-co","status":"publish","type":"post","link":"https:\/\/www.zeldi.de\/blog\/?p=746","title":{"rendered":"Ei, Ei, Ei, die Osterangebote von Kampa und Co.!"},"content":{"rendered":"<p>Wir halten nichts, unsere cleveren Ostereier zu verstecken, wir zeigen dir lieber gleich, was du bei unseren Osterangeboten sparen kannst. <br data-rich-text-line-break=\"true\" \/>Spare auch du bei deinem n\u00e4chsten Einkauf<!--more--><span style=\"font-size: inherit;\">auf Zeldi.de mit unseren tollen Artikeln von Kampa, Brand, DWT und Isabella. Hinschauen lohnt sich . . . <\/span><a style=\"font-size: inherit;\" href=\"https:\/\/www.zeldi.de\/415-Angebote\/\">zu den Angeboten!<\/a><\/p>\n\n\n<figure class=\"wp-block-image is-resized\"><img loading=\"lazy\" decoding=\"async\" src=\"https:\/\/www.zeldi.de\/blog\/wp-content\/uploads\/2021\/03\/dwt_sonnendach.jpg\" alt=\"\" class=\"wp-image-752\" width=\"445\" height=\"308\" srcset=\"https:\/\/www.zeldi.de\/blog\/wp-content\/uploads\/2021\/03\/dwt_sonnendach.jpg 600w, https:\/\/www.zeldi.de\/blog\/wp-content\/uploads\/2021\/03\/dwt_sonnendach-300x208.jpg 300w\" sizes=\"auto, (max-width: 445px) 100vw, 445px\" \/><figcaption> <a href=\"https:\/\/www.zeldi.de\/415-Angebote\/\">DWT Sonnendach Flair Vario Modul II&nbsp; <\/a><\/figcaption><\/figure>\n\n\n<h2>DWT Sonnendach Flair Vario Modul II Gr.15<\/h2>\n<p>Das Sonnendach ist B-Ware-R\u00fcckl\u00e4ufer! Das <a href=\"https:\/\/www.zeldi.de\/415-Angebote\/\">DWT Sonnendach<\/a> wurde einmal eingezogen, es kann leichte Gebrauchsspuren aufweisen. Das attraktive Sonnendach von <a href=\"https:\/\/www.zeldi.de\/415-Angebote\/\">DWT<\/a> sch\u00fctzt vor dich vor der dr\u00fcckenden Mittagshitze und schafft ein angenehm schattiges Pl\u00e4tzchen. Du kannst es zum lesen, essen und zum gem\u00fctlichen sitzen nutzen.<\/p>\n\n\n<figure class=\"wp-block-image is-resized\"><img loading=\"lazy\" decoding=\"async\" src=\"https:\/\/www.zeldi.de\/blog\/wp-content\/uploads\/2021\/03\/isabella_windschutz.jpg\" alt=\"\" class=\"wp-image-753\" width=\"403\" height=\"214\" srcset=\"https:\/\/www.zeldi.de\/blog\/wp-content\/uploads\/2021\/03\/isabella_windschutz.jpg 600w, https:\/\/www.zeldi.de\/blog\/wp-content\/uploads\/2021\/03\/isabella_windschutz-300x160.jpg 300w\" sizes=\"auto, (max-width: 403px) 100vw, 403px\" \/><figcaption><a href=\"https:\/\/www.zeldi.de\/415-Angebote\/\">Isabella Windschutz<\/a><\/figcaption><\/figure>\n\n\n<h2>Der Isabella Windschutz Ventus<\/h2>\n<p>Hierbei handelt es sich beim Isabella Windschutz um einen R\u00fcckl\u00e4ufer. Der <a href=\"https:\/\/www.zeldi.de\/415-Angebote\/\">Isabella Windschutz<\/a> war einmal aufgebaut und kann leichte Gebrauchsspuren aufweisen. Bei diesem tollen Preis sollten die leichten Gebrauchsspuren aber keine Rolle spielen. <br><a href=\"https:\/\/www.zeldi.de\/415-Angebote\/\">Ventus 4-teiliger Windschutz<\/a> aus einen Gittergewebe (Netzmaterial\/PVC)<br>Ma\u00dfe: 460 x 110 cm<br>Farbe: Granite\/Black<br>Material: Acryl\/durchsichtiges Netzmaterial\/PVC<br>Gest\u00e4nge: leichtes CarbonX Gest\u00e4nge<\/p>\n\n\n<figure class=\"wp-block-image is-resized\"><img loading=\"lazy\" decoding=\"async\" src=\"https:\/\/www.zeldi.de\/blog\/wp-content\/uploads\/2021\/03\/kampa_domestic.jpg\" alt=\"\" class=\"wp-image-754\" width=\"448\" height=\"295\" srcset=\"https:\/\/www.zeldi.de\/blog\/wp-content\/uploads\/2021\/03\/kampa_domestic.jpg 600w, https:\/\/www.zeldi.de\/blog\/wp-content\/uploads\/2021\/03\/kampa_domestic-300x198.jpg 300w\" sizes=\"auto, (max-width: 448px) 100vw, 448px\" \/><figcaption><a href=\"https:\/\/www.zeldi.de\/415-Angebote\/\">Kampa Dometic Travel Pod Trip Air VW &#8211; Mod.2020<\/a><\/figcaption><\/figure>\n\n\n<p>Jetzt zugreifen und sich ein cleveres Osterei sichern!<br \/><a href=\"https:\/\/www.zeldi.de\/415-Angebote\/\">Klick!<\/a><\/p>\n\n\n<p><\/p>\n","protected":false},"excerpt":{"rendered":"<p>Wir halten nichts, unsere cleveren Ostereier zu verstecken, wir zeigen dir lieber gleich, was du bei unseren Osterangeboten sparen kannst. Spare auch du bei deinem n\u00e4chsten Einkauf<\/p>\n","protected":false},"author":3,"featured_media":747,"comment_status":"open","ping_status":"closed","sticky":false,"template":"","format":"standard","meta":{"footnotes":""},"categories":[7],"tags":[147,144,20,146,67,42,145,41,86],"class_list":["post-746","post","type-post","status-publish","format-standard","has-post-thumbnail","hentry","category-tipps-und-trends","tag-angebote-zu-ostern","tag-demetic","tag-kampa","tag-osterangebote","tag-sonderangebot","tag-sonderangebote","tag-sonnendach","tag-vorzelte","tag-windschutz"],"aioseo_notices":[],"_links":{"self":[{"href":"https:\/\/www.zeldi.de\/blog\/index.php?rest_route=\/wp\/v2\/posts\/746","targetHints":{"allow":["GET"]}}],"collection":[{"href":"https:\/\/www.zeldi.de\/blog\/index.php?rest_route=\/wp\/v2\/posts"}],"about":[{"href":"https:\/\/www.zeldi.de\/blog\/index.php?rest_route=\/wp\/v2\/types\/post"}],"author":[{"embeddable":true,"href":"https:\/\/www.zeldi.de\/blog\/index.php?rest_route=\/wp\/v2\/users\/3"}],"replies":[{"embeddable":true,"href":"https:\/\/www.zeldi.de\/blog\/index.php?rest_route=%2Fwp%2Fv2%2Fcomments&post=746"}],"version-history":[{"count":13,"href":"https:\/\/www.zeldi.de\/blog\/index.php?rest_route=\/wp\/v2\/posts\/746\/revisions"}],"predecessor-version":[{"id":766,"href":"https:\/\/www.zeldi.de\/blog\/index.php?rest_route=\/wp\/v2\/posts\/746\/revisions\/766"}],"wp:featuredmedia":[{"embeddable":true,"href":"https:\/\/www.zeldi.de\/blog\/index.php?rest_route=\/wp\/v2\/media\/747"}],"wp:attachment":[{"href":"https:\/\/www.zeldi.de\/blog\/index.php?rest_route=%2Fwp%2Fv2%2Fmedia&parent=746"}],"wp:term":[{"taxonomy":"category","embeddable":true,"href":"https:\/\/www.zeldi.de\/blog\/index.php?rest_route=%2Fwp%2Fv2%2Fcategories&post=746"},{"taxonomy":"post_tag","embeddable":true,"href":"https:\/\/www.zeldi.de\/blog\/index.php?rest_route=%2Fwp%2Fv2%2Ftags&post=746"}],"curies":[{"name":"wp","href":"https:\/\/api.w.org\/{rel}","templated":true}]}}