{"id":729,"date":"2021-02-15T11:37:44","date_gmt":"2021-02-15T10:37:44","guid":{"rendered":"http:\/\/www.zeldi.de\/blog\/?p=729"},"modified":"2021-02-15T11:37:45","modified_gmt":"2021-02-15T10:37:45","slug":"brand-vorzelte-schaffen-freiheit","status":"publish","type":"post","link":"https:\/\/www.zeldi.de\/blog\/?p=729","title":{"rendered":"Brand Vorzelte schaffen Freiheit!"},"content":{"rendered":"<p>Ach wie sch\u00f6n w\u00e4re es, wenn ich mit meinem Camper am See stehen w\u00fcrde. Der Hunger nach Platz Luft und Freiheit wird immer gr\u00f6\u00dfer! Komm mit! Wir gehen B\u00e4ume umarmen und Atmen tief durch.<!--more--> F\u00fcr die r\u00e4umliche Trennung sorgen dann die neuen <a href=\"https:\/\/www.zeldi.de\/serie\/153-brand-neuheiten-2021.html\">Vorzelte von Brand<\/a>.<br \/>Kauf nicht irgendein Vorzelt, kauf lieber Qualit\u00e4t, kauf Brand.<\/p>\n\n\n<figure class=\"wp-block-image is-resized\"><img loading=\"lazy\" decoding=\"async\" src=\"https:\/\/www.zeldi.de\/blog\/wp-content\/uploads\/2021\/02\/brand_1.jpg\" alt=\"\" class=\"wp-image-734\" width=\"497\" height=\"266\" srcset=\"https:\/\/www.zeldi.de\/blog\/wp-content\/uploads\/2021\/02\/brand_1.jpg 600w, https:\/\/www.zeldi.de\/blog\/wp-content\/uploads\/2021\/02\/brand_1-300x161.jpg 300w\" sizes=\"auto, (max-width: 497px) 100vw, 497px\" \/><figcaption><a href=\"https:\/\/www.zeldi.de\/serie\/153-brand-neuheiten-2021.html\">Brand Vorzelte<\/a><\/figcaption><\/figure>\n\n\n<h2>Das Brand Riogrande 240 &#8211; Mod.2021<\/h2>\n<p>Das <a href=\"https:\/\/www.zeldi.de\/4-Zelte\/1286-Ganzzelte\/1529-Brand-Riogrande-240-Mod-2021\/\">Brand Riogrande<\/a> verf\u00fcgt \u00fcber beliebig gegeneinander tauschbare Vorderwandteile. Somit kannst du deine Eingangsposition frei w\u00e4hlen. Die Fensterklappen sorgen f\u00fcr zus\u00e4tzlichen Abnutzungsschutz w\u00e4hren der Saison. Die Seitenw\u00e4nde in der \u201eEasy Zip\u201c-Ausf\u00fchrung und ein 28mm Stahlrohrgest\u00e4nge mit PowerGrip und Vordachverst\u00e4rkung ist bei den Brans Vorzelten serienm\u00e4\u00dfig enthalten. Dein <a href=\"https:\/\/www.zeldi.de\/4-Zelte\/1286-Ganzzelte\/1529-Brand-Riogrande-240-Mod-2021\/\">Riogrande 240<\/a> hat eine Tiefe von 240 cm.<\/p>\n<p>Dieses Vorzelt gibt es in 11 verschiedenen Gr\u00f6\u00dfen, deine Gr\u00f6\u00dfe ist sicher mit dabei!<\/p>\n\n\n<figure class=\"wp-block-image is-resized\"><img loading=\"lazy\" decoding=\"async\" src=\"https:\/\/www.zeldi.de\/blog\/wp-content\/uploads\/2021\/02\/brand_2.jpg\" alt=\"\" class=\"wp-image-737\" width=\"445\" height=\"311\" srcset=\"https:\/\/www.zeldi.de\/blog\/wp-content\/uploads\/2021\/02\/brand_2.jpg 590w, https:\/\/www.zeldi.de\/blog\/wp-content\/uploads\/2021\/02\/brand_2-300x211.jpg 300w\" sizes=\"auto, (max-width: 445px) 100vw, 445px\" \/><figcaption><a href=\"https:\/\/www.zeldi.de\/4-Zelte\/1286-Ganzzelte\/892-Brand-Arcade-240-Mod-2021\/\">Brand Arcarde<\/a><\/figcaption><\/figure>\n\n\n<h2>Das Brand Arcade 240 &#8211; Mod.2021<\/h2>\n<p>Mit dem <a href=\"https:\/\/www.zeldi.de\/4-Zelte\/1286-Ganzzelte\/892-Brand-Arcade-240-Mod-2021\/\">ARCADE<\/a> bieten wir dir auch noch in der 5. Generation weitere Nutzungsvorteile. Die Vorderwand ist als Wechselwand konzipiert, \u00e4hnlich wie beim Riogrande, somit sind zwei verschiedene T\u00fcrpositionen m\u00f6glich. Neben den gro\u00dfz\u00fcgigen L\u00fcftungsfenstern in der Vorderwand sind nun auch die Seitenw\u00e4nde mit verschlie\u00dfbaren Gazel\u00fcftungen ausgestattet. Das Dachgewebe ist metallic-beschichtet und auf der Innenseite dekorativ bedruckt, dein neues Vorzelt ist somit ein richtiger Hingucker.<br \/><br \/>Das innovative Aluminiumgest\u00e4nge ist serienm\u00e4\u00dfig mit dem PowerGrip-System ausgestattet. Jetzt neu:<a href=\"https:\/\/www.zeldi.de\/4-Zelte\/1286-Ganzzelte\/892-Brand-Arcade-240-Mod-2021\/\"> \u201eEasy-Zip\u201c Seitenw\u00e4nde<\/a>. F\u00fcr den Aufenthalt in warmen Urlaubsregionen ist ein auf die Bogenform abgestimmtes Sonnendach (Typ \u201eRondo\u201c) als Zubeh\u00f6r erh\u00e4ltlich.<br \/>Das Brand Arcade 240 ist in acht verschiedenen Gr\u00f6\u00dfen erh\u00e4ltlich.<\/p>\n\n\n<figure class=\"wp-block-image is-resized\"><img loading=\"lazy\" decoding=\"async\" src=\"https:\/\/www.zeldi.de\/blog\/wp-content\/uploads\/2021\/02\/brand_3.jpg\" alt=\"\" class=\"wp-image-738\" width=\"470\" height=\"290\" srcset=\"https:\/\/www.zeldi.de\/blog\/wp-content\/uploads\/2021\/02\/brand_3.jpg 600w, https:\/\/www.zeldi.de\/blog\/wp-content\/uploads\/2021\/02\/brand_3-300x186.jpg 300w\" sizes=\"auto, (max-width: 470px) 100vw, 470px\" \/><figcaption><a href=\"https:\/\/www.zeldi.de\/4-Zelte\/1286-Ganzzelte\/1005-Brand-Castello-Mod-2021\/\">Brand Castello<\/a><\/figcaption><\/figure>\n\n\n<h2>Das Brand Castello &#8211; Mod.2021<\/h2>\n<p>Auf Wohnqualit\u00e4t musst du mit diesem <a href=\"https:\/\/www.zeldi.de\/4-Zelte\/1286-Ganzzelte\/1005-Brand-Castello-Mod-2021\/\">Brand Castello<\/a> Vorzelt im Urlaub nicht verzichten. Unser Vorzeltklassiker Castello mit umlaufendem Gest\u00e4nge verst\u00e4rktem Dach\u00fcberstand ist f\u00fcr Saison- und Dauercamping mit allen wichtigen Ausstattungsdetails ausger\u00fcstet. F\u00fcr das Dach kommt ein robustes PVC-Material zum Einsatz. Die durch den Dach\u00fcberstand gesch\u00fctzten W\u00e4nde werden aus atmungsaktivem \u201eTen Cate\u201c &#8211; Gewebe gefertigt. Die Elementtechnik in Vorder- und Seitenwand ist wie bei unserem Modell PALAZZO gestaltet. Dein neues Brand Castello verf\u00fcgt zus\u00e4tzlich \u00fcber Fensterklappen, Wetterschutzabdeckung der Rei\u00dfverschl\u00fcsse, eine verschlie\u00dfbare Hochentl\u00fcftung und ein 28 mm Stahlrohrgest\u00e4nge mit PowerGrip und Vordachverst\u00e4rkung komplettieren die umfangreiche Serienausstattung. Klingt gut ne? <br \/>Das <a href=\"https:\/\/www.zeldi.de\/4-Zelte\/1286-Ganzzelte\/1005-Brand-Castello-Mod-2021\/\">Brand Castello<\/a> kannst du in verschiedenen Gr\u00f6\u00dfen bestellen. <br \/>Bei Fragen rufst du uns einfach an und wir beraten dich gerne.<\/p>","protected":false},"excerpt":{"rendered":"<p>F\u00fcr die r\u00e4umliche Trennung sorgen dann die neuen Vorzelte von Brand.<br \/>\nKauf nicht irgendein Vorzelt, kauf lieber Qualit\u00e4t, kauf Brand.<\/p>\n","protected":false},"author":3,"featured_media":730,"comment_status":"open","ping_status":"closed","sticky":false,"template":"","format":"standard","meta":{"footnotes":""},"categories":[6],"tags":[39,143,140,41,141,142],"class_list":["post-729","post","type-post","status-publish","format-standard","has-post-thumbnail","hentry","category-neuheiten","tag-brand","tag-brand-vorzelte","tag-caravan-vorzelte","tag-vorzelte","tag-wohnwagenvorzelte","tag-zelte-brand"],"aioseo_notices":[],"_links":{"self":[{"href":"https:\/\/www.zeldi.de\/blog\/index.php?rest_route=\/wp\/v2\/posts\/729","targetHints":{"allow":["GET"]}}],"collection":[{"href":"https:\/\/www.zeldi.de\/blog\/index.php?rest_route=\/wp\/v2\/posts"}],"about":[{"href":"https:\/\/www.zeldi.de\/blog\/index.php?rest_route=\/wp\/v2\/types\/post"}],"author":[{"embeddable":true,"href":"https:\/\/www.zeldi.de\/blog\/index.php?rest_route=\/wp\/v2\/users\/3"}],"replies":[{"embeddable":true,"href":"https:\/\/www.zeldi.de\/blog\/index.php?rest_route=%2Fwp%2Fv2%2Fcomments&post=729"}],"version-history":[{"count":10,"href":"https:\/\/www.zeldi.de\/blog\/index.php?rest_route=\/wp\/v2\/posts\/729\/revisions"}],"predecessor-version":[{"id":743,"href":"https:\/\/www.zeldi.de\/blog\/index.php?rest_route=\/wp\/v2\/posts\/729\/revisions\/743"}],"wp:featuredmedia":[{"embeddable":true,"href":"https:\/\/www.zeldi.de\/blog\/index.php?rest_route=\/wp\/v2\/media\/730"}],"wp:attachment":[{"href":"https:\/\/www.zeldi.de\/blog\/index.php?rest_route=%2Fwp%2Fv2%2Fmedia&parent=729"}],"wp:term":[{"taxonomy":"category","embeddable":true,"href":"https:\/\/www.zeldi.de\/blog\/index.php?rest_route=%2Fwp%2Fv2%2Fcategories&post=729"},{"taxonomy":"post_tag","embeddable":true,"href":"https:\/\/www.zeldi.de\/blog\/index.php?rest_route=%2Fwp%2Fv2%2Ftags&post=729"}],"curies":[{"name":"wp","href":"https:\/\/api.w.org\/{rel}","templated":true}]}}