{"id":600,"date":"2020-05-08T11:08:46","date_gmt":"2020-05-08T10:08:46","guid":{"rendered":"http:\/\/www.zeldi.de\/blog\/?p=600"},"modified":"2020-05-08T11:08:48","modified_gmt":"2020-05-08T10:08:48","slug":"trip-mit-dem-bus-sicher-mit-dem-zubehoer-von-thule-kampa-und-engel","status":"publish","type":"post","link":"https:\/\/www.zeldi.de\/blog\/?p=600","title":{"rendered":"Trip mit dem Bus? Sicher mit dem Zubeh\u00f6r von Thule, Kampa und Engel!"},"content":{"rendered":"<p>Pfingsten steht vor der T\u00fcr und ich kann es wirklich kaum erwarten. Ich will nur noch raus, dieses Gef\u00fchl der st\u00e4ndigen Gleichheit. Ich will raus mit dem Rad mich in meinen <a href=\"https:\/\/www.zeldi.de\/thule-hecktraeger-wanderway-2-fuer-vw-t6-02.html\">Bus<\/a> schmei\u00dfen und ab. Egal wohin, ob an den See, Meer, Steppe, Fluss oder Sumpf! Die Sinne aufladen und die Lungen mit Luft f\u00fcllen. Kommst du mit?<!--more--><br \/>Dann habe ich noch einen Tipp f\u00fcr dich! Thule, <a href=\"https:\/\/www.zeldi.de\/4-Zelte\/1288-Mobil-Bus-Vorzelte\/1417-Kampa-Travel-Pod-Cross-Air\/\">Kampa<\/a> und <a href=\"https:\/\/www.zeldi.de\/engel-kuehlbox-mr-040-f-modell-2018-inkl-befestigungsgurt.html\">Engel<\/a> haben neue und super Angebote im Campingbus Bereich. <br \/>See you stranger\u2026!<\/p>\n\n\n<figure class=\"wp-block-embed-youtube wp-block-embed is-type-video is-provider-youtube wp-embed-aspect-16-9 wp-has-aspect-ratio\"><div class=\"wp-block-embed__wrapper\">\n<iframe loading=\"lazy\" title=\"Thule WanderWay\" width=\"525\" height=\"295\" src=\"https:\/\/www.youtube.com\/embed\/IhdmE4kbbQU?feature=oembed\" frameborder=\"0\" allow=\"accelerometer; autoplay; clipboard-write; encrypted-media; gyroscope; picture-in-picture; web-share\" referrerpolicy=\"strict-origin-when-cross-origin\" allowfullscreen><\/iframe>\n<\/div><figcaption><a href=\"https:\/\/www.zeldi.de\/thule-hecktraeger-wanderway-2-fuer-vw-t6-02.html\">Thule WanderWay<\/a><\/figcaption><\/figure>\n\n\n<h2>Thule Hecktr\u00e4ger WanderWay f\u00fcr VW T6<\/h2>\n<p>Erstklassiger Heckfahrradtr\u00e4ger mit erh\u00f6hter Plattform speziell f\u00fcr den Volkswagen T6<\/p>\n<p>Die Produkteigenschaften vom <a href=\"https:\/\/www.zeldi.de\/thule-hecktraeger-wanderway-2-fuer-vw-t6-02.html\">Thule WanderWay<\/a> sind spitze!<br \/>Komplett zusammengebaut und mit exakter Passform f\u00fcr den Volkswagen T6 f\u00fcr eine schnelle und einfache Montage. Ohne Streit und Kampf aufgebaut. Die Zuladung l\u00e4sst sich mit Adaptern erh\u00f6hen.<br \/>Durch die erh\u00f6hte Position des Tr\u00e4gers bleibt die Sicht auf die R\u00fccklichter und das Kennzeichen erhalten.\u00a0 Eine einfache Aufladung der Fahrr\u00e4der beim <a href=\"https:\/\/www.zeldi.de\/thule-hecktraeger-wanderway-2-fuer-vw-t6-02.html\">Thule WanderWay<\/a> durch abnehmbare Fahrradhaltearme mit abschlie\u00dfbaren Thule AcuTight-Drehmomentbegrenzer-Kn\u00f6pfen, du kannst das optimale Drehmoment h\u00f6ren, denn es klickt wenn das Drehmoment erreicht ist.<br \/>Leichtes Aufladen von Fahrr\u00e4dern dank einfach anpassbarer Schienen, die von links nach rechts gleiten. Mit den verstellbaren Radhaltern mit Ratschenfunktion lassen sich R\u00e4der leicht befestigen. Wenn die Plattform nicht gebraucht wird, l\u00e4sst sie sich senkrecht an den Kofferraum hochklappen. Du kannst den Kofferraum ohne aufgeladene Fahrr\u00e4der \u00f6ffnen.<\/p>\n\n\n<figure class=\"wp-block-image\"><img loading=\"lazy\" decoding=\"async\" width=\"600\" height=\"364\" src=\"https:\/\/www.zeldi.de\/blog\/wp-content\/uploads\/2020\/05\/kampa_bus.jpg\" alt=\"\" class=\"wp-image-604\" srcset=\"https:\/\/www.zeldi.de\/blog\/wp-content\/uploads\/2020\/05\/kampa_bus.jpg 600w, https:\/\/www.zeldi.de\/blog\/wp-content\/uploads\/2020\/05\/kampa_bus-300x182.jpg 300w\" sizes=\"auto, (max-width: 600px) 100vw, 600px\" \/><figcaption> <a href=\"https:\/\/www.zeldi.de\/4-Zelte\/1288-Mobil-Bus-Vorzelte\/1417-Kampa-Travel-Pod-Cross-Air\/\">Cross AIR <\/a>von Kampa <\/figcaption><\/figure>\n\n\n<h2>Kampa Travel Pod Cross Air<\/h2>\n<p>Der Klassiker <a href=\"https:\/\/www.zeldi.de\/4-Zelte\/1288-Mobil-Bus-Vorzelte\/1417-Kampa-Travel-Pod-Cross-Air\/\">Cross AIR von Kampa<\/a> ein Verkaufsschlager in der Travel Pod-Kollektion. Durch den Kampa-Luftrahmen hat das Cross AIR einen stabilen und ger\u00e4umigen Wohnbereich, dank der neuen, steileren Seitenw\u00e4nde bietet es eine verbesserte Stehh\u00f6he und mehr nutzbaren Raum. Nach der \u00dcberarbeitung gibt es im Frontteil nun eine benutzerfreundlichere D-f\u00f6rmige T\u00fcr, die zur H\u00e4lfte oder komplett aufgerollt werden kann und mit einem gro\u00dfen Vordach ausgestattet ist. Somit kann das <a href=\"https:\/\/www.zeldi.de\/4-Zelte\/1288-Mobil-Bus-Vorzelte\/1417-Kampa-Travel-Pod-Cross-Air\/\">Kampa Travel Pod Cross Air<\/a> auch bei schlechtem Wetter trocken betreten werden. Das Cross AIR ist mit einer einhakbaren Bodenplane ausgestattet, die bei Bedarf entfernt werden kann und gro\u00dfe Fenster mit Rolll\u00e4den f\u00fcr zus\u00e4tzliche Privatsph\u00e4re eingesetzt werden k\u00f6nnen. An einer oder beiden Vorzeltseiten kann optional ein Innenzelt mit zwei Schlafpl\u00e4tzen angebaut werden.<\/p>\n<p>Zur Bel\u00fcftung ist auf der Vorder-und R\u00fcckseite eine Hochentl\u00fcftung angebracht. So einfach kann campen sein.<\/p>\n\n\n<figure class=\"wp-block-image is-resized\"><img loading=\"lazy\" decoding=\"async\" src=\"https:\/\/www.zeldi.de\/blog\/wp-content\/uploads\/2020\/05\/kuehlbox_engel_bus.jpg\" alt=\"\" class=\"wp-image-605\" width=\"352\" height=\"338\" srcset=\"https:\/\/www.zeldi.de\/blog\/wp-content\/uploads\/2020\/05\/kuehlbox_engel_bus.jpg 600w, https:\/\/www.zeldi.de\/blog\/wp-content\/uploads\/2020\/05\/kuehlbox_engel_bus-300x289.jpg 300w\" sizes=\"auto, (max-width: 352px) 100vw, 352px\" \/><figcaption>K\u00fchlbox Engel <a href=\"https:\/\/www.zeldi.de\/engel-kuehlbox-mr-040-f-modell-2018-inkl-befestigungsgurt.html\">Angebotspreis<\/a><\/figcaption><\/figure>\n\n\n<h2>Engel K\u00fchlbox MR 040 F &#8211; Aktions-K\u00fchlbox\u00a0<\/h2>\n<p>Die <a href=\"https:\/\/www.zeldi.de\/engel-kuehlbox-mr-040-f-modell-2018-inkl-befestigungsgurt.html\">Engel<\/a> K\u00fchlbox MR 040 inkl. Batteriew\u00e4chter verf\u00fcgt \u00fcber einen 40 Liter Schwingkompressor. Ist mit 12\/24\/230 Volt mit Vorrangschaltung, Stehh\u00f6he f\u00fcr 1,5 Liter Flaschen erh\u00e4ltlich. Denn Au\u00dfergew\u00f6hnliche Technik wie bei Engel zahlt sich einfach aus. Es gibt zahlreiche Anbieter billiger Ger\u00e4te. Allerdings sind diese qualitativ nicht mit ENGEL Ger\u00e4ten vergleichbar. Denn nur <a href=\"https:\/\/www.zeldi.de\/engel-kuehlbox-mr-040-f-modell-2018-inkl-befestigungsgurt.html\">ENGEL Systeme<\/a> arbeiten mit dem Schwingkompressor. Dieses Aggregat ist nicht etwa ein abgewandelter Haushaltskompressor. Es ist das einzige am Markt, das ausschlie\u00dflich f\u00fcr den mobilen Einsatz entwickelt wurde. Ein klarer Vorsprung, der Auswirkungen in allen Bereichen hat! Die neueste Generation der Engel-Schwingkompressoren pr\u00e4sentiert sich noch leiser, noch effizienter und noch geringer im Stromverbrauch.<\/p>\n\n<p>Schau dich um und klick dich durch! Zum Shop? <a href=\"https:\/\/www.zeldi.de\/\">Hier<\/a> gehts lang.<\/p>","protected":false},"excerpt":{"rendered":"<p>Thule, Kampa und Engel haben neue und super Angebote im Campingbus Bereich.<br \/>\nSee you stranger\u2026!<\/p>\n","protected":false},"author":3,"featured_media":601,"comment_status":"open","ping_status":"closed","sticky":false,"template":"","format":"standard","meta":{"footnotes":""},"categories":[7],"tags":[25,99,97,98,96,95,41,94,17,19],"class_list":["post-600","post","type-post","status-publish","format-standard","has-post-thumbnail","hentry","category-tipps-und-trends","tag-bus","tag-fahrrad-gepaecktraeger","tag-fahrradgepaecktraeger","tag-gepaecktraeger","tag-t6","tag-thule-t6","tag-vorzelte","tag-zeldi","tag-zelte","tag-zubehoer"],"aioseo_notices":[],"_links":{"self":[{"href":"https:\/\/www.zeldi.de\/blog\/index.php?rest_route=\/wp\/v2\/posts\/600","targetHints":{"allow":["GET"]}}],"collection":[{"href":"https:\/\/www.zeldi.de\/blog\/index.php?rest_route=\/wp\/v2\/posts"}],"about":[{"href":"https:\/\/www.zeldi.de\/blog\/index.php?rest_route=\/wp\/v2\/types\/post"}],"author":[{"embeddable":true,"href":"https:\/\/www.zeldi.de\/blog\/index.php?rest_route=\/wp\/v2\/users\/3"}],"replies":[{"embeddable":true,"href":"https:\/\/www.zeldi.de\/blog\/index.php?rest_route=%2Fwp%2Fv2%2Fcomments&post=600"}],"version-history":[{"count":9,"href":"https:\/\/www.zeldi.de\/blog\/index.php?rest_route=\/wp\/v2\/posts\/600\/revisions"}],"predecessor-version":[{"id":612,"href":"https:\/\/www.zeldi.de\/blog\/index.php?rest_route=\/wp\/v2\/posts\/600\/revisions\/612"}],"wp:featuredmedia":[{"embeddable":true,"href":"https:\/\/www.zeldi.de\/blog\/index.php?rest_route=\/wp\/v2\/media\/601"}],"wp:attachment":[{"href":"https:\/\/www.zeldi.de\/blog\/index.php?rest_route=%2Fwp%2Fv2%2Fmedia&parent=600"}],"wp:term":[{"taxonomy":"category","embeddable":true,"href":"https:\/\/www.zeldi.de\/blog\/index.php?rest_route=%2Fwp%2Fv2%2Fcategories&post=600"},{"taxonomy":"post_tag","embeddable":true,"href":"https:\/\/www.zeldi.de\/blog\/index.php?rest_route=%2Fwp%2Fv2%2Ftags&post=600"}],"curies":[{"name":"wp","href":"https:\/\/api.w.org\/{rel}","templated":true}]}}