{"id":445,"date":"2019-09-12T08:33:10","date_gmt":"2019-09-12T07:33:10","guid":{"rendered":"http:\/\/www.zeldi.de\/blog\/?p=445"},"modified":"2019-09-12T08:33:15","modified_gmt":"2019-09-12T07:33:15","slug":"abverkauf-von-thule-brand-isabella-dwt-bei-zeldi-de","status":"publish","type":"post","link":"https:\/\/www.zeldi.de\/blog\/?p=445","title":{"rendered":"Abverkauf von Thule, Brand, Isabella, dwt. . .  bei Zeldi.de!"},"content":{"rendered":"<p>Wenn du A sagst, dann sag beim Zeldi.de Abverkauf lieber B, denn mit unserem B sparst du schon f\u00fcr den Weihnachtsurlaub. Wir haben f\u00fcr dich viele tolle Einzelst\u00fccke, Restposten, Ausstellungsst\u00fccke und top B-Ware. Egal ob neues Sonnendach, <a href=\"https:\/\/www.zeldi.de\/415-Angebote-B-Ware\/\">Wohnwagenvorzelt<\/a> oder ein Kampa Air Zelt. <br>Noch nie war B-sagen so sch\u00f6n, \u00fcberzeug dich JETZT!<!--more--><\/p>\n\n\n<figure class=\"wp-block-image is-resized\"><img loading=\"lazy\" decoding=\"async\" src=\"https:\/\/www.zeldi.de\/blog\/wp-content\/uploads\/2019\/09\/dwt_rapid.jpg\" alt=\"DWT Rapid Air II\nDas Buszelt Rapid Air II \u00fcberzeugt mit dieser modifizierten Ausstattung in allen Belangen. Das Vordach sch\u00fctzt die Vorderwand, die zahlreichen Gaze- Eins\u00e4tze erm\u00f6glichen Querventilationen, das kinderleicht zu bet\u00e4tigende Air-In-System l\u00e4dt auch zum Aufbau bei kurzen Aufenthalten ein.\n\nInklusive Zeltboden.\" class=\"wp-image-446\" width=\"410\" height=\"304\" srcset=\"https:\/\/www.zeldi.de\/blog\/wp-content\/uploads\/2019\/09\/dwt_rapid.jpg 591w, https:\/\/www.zeldi.de\/blog\/wp-content\/uploads\/2019\/09\/dwt_rapid-300x223.jpg 300w\" sizes=\"auto, (max-width: 410px) 100vw, 410px\" \/><figcaption><a href=\"https:\/\/www.zeldi.de\/4-Zelte\/1288-Mobil-Bus-Vorzelte\/1480-DWT-Rapid-Air-II\/\">DWT Rapid Air II<\/a><\/figcaption><\/figure>\n\n\n<h2>Das Buszelt Rapid Air II von dwt<\/h2>\n<p>Das <a href=\"https:\/\/www.zeldi.de\/4-Zelte\/1288-Mobil-Bus-Vorzelte\/1480-DWT-Rapid-Air-II\/\">Buszelt mit Air-In-System<\/a> von dwt f\u00fcr Campingbusse erweitert die Wohnfl\u00e4che und besitzt eine voll verschlie\u00dfbare R\u00fcckwand. Die leichten verwendeten Materialien sorgen f\u00fcr ein kleines Packma\u00df bei ausreichender Stehh\u00f6he und geringen Gewicht. Das Vordach sch\u00fctzt die Vorderwand, die Querventilationen erm\u00f6glichen einen raschen Ab\/Aufbau.&nbsp; Der Zeltboden ist beim <a href=\"https:\/\/www.zeldi.de\/4-Zelte\/1288-Mobil-Bus-Vorzelte\/1480-DWT-Rapid-Air-II\/\">Rapid Air<\/a> von dwt inklusive.<\/p>\n\n\n<figure class=\"wp-block-image is-resized\"><img loading=\"lazy\" decoding=\"async\" src=\"https:\/\/www.zeldi.de\/blog\/wp-content\/uploads\/2019\/09\/thule_seitenteil.jpg\" alt=\"Thule Residence G2 Seitenteile 6900 \/ XL \/ 275\n\nH\u00f6he: XLarge 2,60-2,75m Tiefe: 2,75m Serie 6900\n\n\nSafari Residence G2 Seitenteile\n\nAusf\u00fchrung:\n- Anbauh\u00f6he XLarge 2,60-2,75m\n- Tiefe: 2,75m\n- f\u00fcr Modell: 6900\n- Farbe: uni grau\n\nIm Lieferumfang dabei: zwei Seitenteile (links &amp; rechts), Residence Profile (Dachstangen, Querstrebe &amp; Andruckprofil), Heringe und ein Packbeutel.\n\nHier handelt sich um ein R\u00fcckl\u00e4ufer der einmal aufgebaut wurde. Leider passte die Anbauh\u00f6he nicht. Kann leicht angeschmutzt sein.\nOriginal Verpackung nicht mehr vorhanden.\" class=\"wp-image-447\" width=\"416\" height=\"295\" srcset=\"https:\/\/www.zeldi.de\/blog\/wp-content\/uploads\/2019\/09\/thule_seitenteil.jpg 499w, https:\/\/www.zeldi.de\/blog\/wp-content\/uploads\/2019\/09\/thule_seitenteil-300x213.jpg 300w\" sizes=\"auto, (max-width: 416px) 100vw, 416px\" \/><figcaption> <a href=\"https:\/\/www.zeldi.de\/thule-residence-g2-seitenteile-6900-xl-275.html\">Thule Residence G2 Seitenteile  (R\u00fcckl\u00e4ufer)<\/a><\/figcaption><\/figure>\n\n\n<h2>Die Thule Residence G2 Seitenteile<\/h2>\n<p>Die <a href=\"https:\/\/www.zeldi.de\/thule-residence-g2-seitenteile-6900-xl-275.html\">Thule Residence G2<\/a> Seitenteile verf\u00fcgen \u00fcber eine perfekte Dachabdichtung, durch Klemmprofile sind die Seitenw\u00e4nde leicht zu verbinden. Gro\u00dfe Fensterfl\u00e4chen lassen viel Licht in den Innenraum. Die Seitenw\u00e4nde der <a href=\"https:\/\/www.zeldi.de\/thule-residence-g2-seitenteile-6900-xl-275.html\">Thule Residence G2<\/a> lassen sich f\u00fcr einen einfachen Zugang aufrollen.<\/p>\n\n\n<figure class=\"wp-block-image is-resized\"><img loading=\"lazy\" decoding=\"async\" src=\"https:\/\/www.zeldi.de\/blog\/wp-content\/uploads\/2019\/09\/brand_sevilla.jpg\" alt=\"Brand Sevilla 300 - Sondermodell\nSondermodell - nur solange der Vorrat reicht \/ Mod.2018\" class=\"wp-image-449\" width=\"436\" height=\"290\" srcset=\"https:\/\/www.zeldi.de\/blog\/wp-content\/uploads\/2019\/09\/brand_sevilla.jpg 600w, https:\/\/www.zeldi.de\/blog\/wp-content\/uploads\/2019\/09\/brand_sevilla-300x200.jpg 300w\" sizes=\"auto, (max-width: 436px) 100vw, 436px\" \/><figcaption><a href=\"https:\/\/www.zeldi.de\/415-Angebote-B-Ware\/1488-Brand-Sevilla-300-Sondermodell\/\"> Brand Sevilla 300 &#8211; Sondermodell <\/a><\/figcaption><\/figure>\n\n\n<h2>Das Brand Sevilla 300 \u2013 Sondermodell!<\/h2>\n<p>Das <a href=\"https:\/\/www.zeldi.de\/415-Angebote-B-Ware\/1488-Brand-Sevilla-300-Sondermodell\/\">5-teilige Reisezelt<\/a> l\u00e4sst keine W\u00fcnsche offen. Mit einer Tiefe von ca. 300 cm bietet das Vorzelt eine ger\u00e4umige zus\u00e4tzliche Fl\u00e4che. Das Dachmaterial besteht aus TC-Touring 240 mit einer bedruckten Dachinnenseite. Das Seitenwandmaterial besteht aus TC-Touring 180. Das Gest\u00e4nge \u00fcberzeugt durch 28 mm Stahl mit PowerGrip und Vordachverst\u00e4rkung.<\/p>\n<p>Das <a href=\"https:\/\/www.zeldi.de\/415-Angebote-B-Ware\/1488-Brand-Sevilla-300-Sondermodell\/\">Brand Sevilla 300<\/a> verf\u00fcgt zus\u00e4tzlich \u00fcber doppelte Erdstreifen, die Hochentl\u00fcftung ist verschlie\u00dfbar \u00fcber Eingangst\u00fcren in der Vorderwand sowie an den Seitenw\u00e4nden, \u00fcber Gazenetz mit Pr\u00e4gefolie in den Seitenteilen, \u00fcber gro\u00dfe Klarsichtfolienfenster und die Vorderwandelemente sind als Veranda abklappbar.<\/p>\n\n\n<figure class=\"wp-block-image is-resized\"><img loading=\"lazy\" decoding=\"async\" src=\"https:\/\/www.zeldi.de\/blog\/wp-content\/uploads\/2019\/09\/isabella_universal.jpg\" alt=\"\" class=\"wp-image-450\" width=\"449\" height=\"303\" srcset=\"https:\/\/www.zeldi.de\/blog\/wp-content\/uploads\/2019\/09\/isabella_universal.jpg 600w, https:\/\/www.zeldi.de\/blog\/wp-content\/uploads\/2019\/09\/isabella_universal-300x203.jpg 300w\" sizes=\"auto, (max-width: 449px) 100vw, 449px\" \/><figcaption><a href=\"https:\/\/www.zeldi.de\/isabella-universal-420-coal-stoff-dach-mod-2018-inkl-1-x-tuermarkise.html\">Isabella Universal 420 Coal<\/a><\/figcaption><\/figure>\n\n\n<h2>Das Isabella Universal 420 Coal als B Ware erh\u00e4ltlich!<\/h2>\n<p>Das <a href=\"https:\/\/www.zeldi.de\/isabella-universal-420-coal-stoff-dach-mod-2018-inkl-1-x-tuermarkise.html\">Universal 420 Coal<\/a> setzt auf Stabilit\u00e4t und Funktionalit\u00e4t. Die spezielle Dachkonstruktion mit Mittelkreuzen und Querstangen, verleihen diesem Modell eine hohe Belastbarkeit. Ein starker Wind hebelt das Isabella Universal nicht so einfach aus. Durch eine zus\u00e4tzliche Wintersicherung (optionales Zubeh\u00f6r) kannst du die Belastbarkeit zus\u00e4tzlich erh\u00f6hen. Die beiden mitgelieferten gebogenen St\u00fctzstangen dr\u00fccken die fest angen\u00e4hten Schaumstoffkissen an den Wohnwagen und sorgen f\u00fcr einen perfekten Anschluss. F\u00fcr ein gutes Raumklima sorgt das <a href=\"https:\/\/www.zeldi.de\/isabella-universal-420-coal-stoff-dach-mod-2018-inkl-1-x-tuermarkise.html\">Isacryl Gewebe<\/a>, welches atmungsaktiv und robust zugleich ist. Eine Besonderheit bei diesem Modell, die Vorderwand wie auch beide Seitenw\u00e4nde, k\u00f6nnen heruntergeklappt oder auch komplett herausgenommen werden.<\/p>\n\n\n<figure class=\"wp-block-image is-resized\"><img loading=\"lazy\" decoding=\"async\" src=\"https:\/\/www.zeldi.de\/blog\/wp-content\/uploads\/2019\/09\/sale.jpg\" alt=\"https:\/\/www.zeldi.de\/415-Angebote-B-Ware\/\" class=\"wp-image-452\" width=\"408\" height=\"300\" srcset=\"https:\/\/www.zeldi.de\/blog\/wp-content\/uploads\/2019\/09\/sale.jpg 600w, https:\/\/www.zeldi.de\/blog\/wp-content\/uploads\/2019\/09\/sale-300x221.jpg 300w\" sizes=\"auto, (max-width: 408px) 100vw, 408px\" \/><figcaption><a href=\"https:\/\/www.zeldi.de\/415-Angebote-B-Ware\/\">Schau dich um !<\/a><br>Hier findest du tolle Angebote!<\/figcaption><\/figure>\n\n\n\n<p><\/p>\n","protected":false},"excerpt":{"rendered":"<p>Wenn du A sagst, dann sag beim Zeldi.de Abverkauf lieber B, denn mit unserem B sparst du schon f\u00fcr den Weihnachtsurlaub. Wir haben f\u00fcr dich viele tolle Einzelst\u00fccke, Restposten, Ausstellungsst\u00fccke und top B-Ware. Egal ob neues Sonnendach, Wohnwagenvorzelt oder ein Kampa Air Zelt. Noch nie war B-sagen so sch\u00f6n, \u00fcberzeug dich JETZT!<\/p>\n","protected":false},"author":3,"featured_media":456,"comment_status":"open","ping_status":"closed","sticky":false,"template":"","format":"standard","meta":{"footnotes":""},"categories":[5,7],"tags":[46,39,45,13,44,40,42,43,41],"class_list":["post-445","post","type-post","status-publish","format-standard","has-post-thumbnail","hentry","category-aktuelles","category-tipps-und-trends","tag-b-ware","tag-brand","tag-buszelt","tag-camping","tag-dwt","tag-isabella","tag-sonderangebote","tag-thule","tag-vorzelte"],"aioseo_notices":[],"_links":{"self":[{"href":"https:\/\/www.zeldi.de\/blog\/index.php?rest_route=\/wp\/v2\/posts\/445","targetHints":{"allow":["GET"]}}],"collection":[{"href":"https:\/\/www.zeldi.de\/blog\/index.php?rest_route=\/wp\/v2\/posts"}],"about":[{"href":"https:\/\/www.zeldi.de\/blog\/index.php?rest_route=\/wp\/v2\/types\/post"}],"author":[{"embeddable":true,"href":"https:\/\/www.zeldi.de\/blog\/index.php?rest_route=\/wp\/v2\/users\/3"}],"replies":[{"embeddable":true,"href":"https:\/\/www.zeldi.de\/blog\/index.php?rest_route=%2Fwp%2Fv2%2Fcomments&post=445"}],"version-history":[{"count":5,"href":"https:\/\/www.zeldi.de\/blog\/index.php?rest_route=\/wp\/v2\/posts\/445\/revisions"}],"predecessor-version":[{"id":457,"href":"https:\/\/www.zeldi.de\/blog\/index.php?rest_route=\/wp\/v2\/posts\/445\/revisions\/457"}],"wp:featuredmedia":[{"embeddable":true,"href":"https:\/\/www.zeldi.de\/blog\/index.php?rest_route=\/wp\/v2\/media\/456"}],"wp:attachment":[{"href":"https:\/\/www.zeldi.de\/blog\/index.php?rest_route=%2Fwp%2Fv2%2Fmedia&parent=445"}],"wp:term":[{"taxonomy":"category","embeddable":true,"href":"https:\/\/www.zeldi.de\/blog\/index.php?rest_route=%2Fwp%2Fv2%2Fcategories&post=445"},{"taxonomy":"post_tag","embeddable":true,"href":"https:\/\/www.zeldi.de\/blog\/index.php?rest_route=%2Fwp%2Fv2%2Ftags&post=445"}],"curies":[{"name":"wp","href":"https:\/\/api.w.org\/{rel}","templated":true}]}}