{"id":434,"date":"2019-08-22T08:28:23","date_gmt":"2019-08-22T07:28:23","guid":{"rendered":"http:\/\/www.zeldi.de\/blog\/?p=434"},"modified":"2019-08-22T08:28:36","modified_gmt":"2019-08-22T07:28:36","slug":"der-kampa-gratis-deal-bis-ende-august","status":"publish","type":"post","link":"https:\/\/www.zeldi.de\/blog\/?p=434","title":{"rendered":"Der Kampa Gratis-Deal! Bis Ende August!"},"content":{"rendered":"<p>Jetzt aber mal ganz flott, du bekommst etwas gratis. Wann hast du das letzte Mal etwas gratis bekommen, au\u00dfer die monatlichen Rechnungen!? Beim Kauf eines Kampa Club Air oder Rally Air Pro haben wir f\u00fcr dich einenTeppich (Hauptzelt), Alu-Andruckstangen, Innenhimmel und Sturmband ganz umsonst. Klingt gut oder? <!--more--><\/p>\n\n\n<figure class=\"wp-block-image is-resized\"><img loading=\"lazy\" decoding=\"async\" src=\"https:\/\/www.zeldi.de\/blog\/wp-content\/uploads\/2019\/08\/kampa_club-1.jpg\" alt=\"\" class=\"wp-image-438\" width=\"447\" height=\"323\" srcset=\"https:\/\/www.zeldi.de\/blog\/wp-content\/uploads\/2019\/08\/kampa_club-1.jpg 593w, https:\/\/www.zeldi.de\/blog\/wp-content\/uploads\/2019\/08\/kampa_club-1-300x217.jpg 300w\" sizes=\"auto, (max-width: 447px) 100vw, 447px\" \/><figcaption> <a href=\"https:\/\/www.zeldi.de\/4-Zelte\/1287-Teilzelte\/1372-Kampa-Club-Air-Pro-Sommer-AKTION\/\">Kampa Club Air<\/a>  <\/figcaption><\/figure>\n\n\n<h2>Kampa Club Air Pro modern und klassisch!<\/h2>\n<p>Der Mix aus Pultdach und Giebelform ist im <a href=\"https:\/\/www.zeldi.de\/4-Zelte\/1287-Teilzelte\/1372-Kampa-Club-Air-Pro-Sommer-AKTION\/\">Kampa Club Air<\/a> gut kombiniert. Das komplette Zelt, inklusive dem Vordach, wird mit dem Luftgest\u00e4nge aufgebaut. Das erspart dir viel Schwei\u00df und Nerven. Durch den guten Schnitt der Vorderwand &amp; Seitenw\u00e4nde, kannst du den vollen Raum nutzen. Das <a href=\"https:\/\/www.zeldi.de\/4-Zelte\/1287-Teilzelte\/1372-Kampa-Club-Air-Pro-Sommer-AKTION\/\">Kampa Club Air Pro<\/a> ist in drei Gr\u00f6\u00dfen erh\u00e4ltlich: 330, 390 &amp; 450 cm. Tiefe 275 cm.<br>F\u00fcr ein tolles Raumklima im Kampa Club Air sorgt die Hochentl\u00fcftung. <br>Wichtig f\u00fcr dich: alle Wandelemente sind herausnehmbar, Vorderw\u00e4nde mit Moskitonetzen erweiterbar und die Seitenw\u00e4nde k\u00f6nnen mit zus\u00e4tzlichen Anbauten vergr\u00f6\u00dfert werden.<\/p>\n\n\n<figure class=\"wp-block-image is-resized\"><img loading=\"lazy\" decoding=\"async\" src=\"https:\/\/www.zeldi.de\/blog\/wp-content\/uploads\/2019\/08\/kampa_rally1.jpg\" alt=\"\" class=\"wp-image-439\" width=\"468\" height=\"313\" srcset=\"https:\/\/www.zeldi.de\/blog\/wp-content\/uploads\/2019\/08\/kampa_rally1.jpg 590w, https:\/\/www.zeldi.de\/blog\/wp-content\/uploads\/2019\/08\/kampa_rally1-300x201.jpg 300w\" sizes=\"auto, (max-width: 468px) 100vw, 468px\" \/><figcaption><a href=\"https:\/\/www.zeldi.de\/4-Zelte\/1287-Teilzelte\/1052-Kampa-Rally-Air-Pro-PLUS-260-Plus-390-Plus-Sommer-AKTION\/\">Kampa Rally Air Pro Plus<\/a><\/figcaption><\/figure>\n\n\n<h2>Kampa Rally Air Pro Plus, das Raumwunder!<\/h2>\n<p>Du bekommst mit dem <a href=\"https:\/\/www.zeldi.de\/4-Zelte\/1287-Teilzelte\/1052-Kampa-Rally-Air-Pro-PLUS-260-Plus-390-Plus-Sommer-AKTION\/\">Kampa Rally Pro Plus<\/a> ein komplett funktionierendes Vorzelt. Du erh\u00e4ltst austauschbare und abzippbare Seitenw\u00e4nde, so kannst du unterschiedliche Anbauten nutzen und die Seitent\u00fcren umkehren. Das rechte Seitenwandfenster ist mit Moskitonetz &amp; Klarsichtfolie best\u00fcckt und die Ventile sind wartungsfrei. Zus\u00e4tzlich kannst du mit Vordernetzteilen dich vor Insekten sch\u00fctzen und optimal bel\u00fcften. Das Wesentliche ist beim <a href=\"https:\/\/www.zeldi.de\/4-Zelte\/1287-Teilzelte\/1052-Kampa-Rally-Air-Pro-PLUS-260-Plus-390-Plus-Sommer-AKTION\/\">Kampa Rally Air Pro,<\/a> es verf\u00fcgt einfach \u00fcber mehr Platz. Die seitlichen Erweiterungen sind f\u00fcr dich besonders praktisch. Du kannst sie als Eing\u00e4nge bei Regen nutzen. Keine N\u00e4sse im Hauptzelt, Lagerplatz f\u00fcr Schuhe, Sandspielzeug u.v.m., du kannst allerdings auch die seitliche Wand abnehmen und erh\u00e4ltst einen gro\u00dfen Wohnbereich.<\/p>\n\n\n<figure class=\"wp-block-image is-resized\"><img loading=\"lazy\" decoding=\"async\" src=\"https:\/\/www.zeldi.de\/blog\/wp-content\/uploads\/2019\/08\/kampa_zubeh\u00f6r.jpg\" alt=\"\" class=\"wp-image-440\" width=\"441\" height=\"293\" srcset=\"https:\/\/www.zeldi.de\/blog\/wp-content\/uploads\/2019\/08\/kampa_zubeh\u00f6r.jpg 573w, https:\/\/www.zeldi.de\/blog\/wp-content\/uploads\/2019\/08\/kampa_zubeh\u00f6r-300x199.jpg 300w\" sizes=\"auto, (max-width: 441px) 100vw, 441px\" \/><figcaption><a href=\"https:\/\/www.zeldi.de\/serie\/115-kampa-zubehr.html\">Zubeh\u00f6r<\/a><\/figcaption><\/figure>\n\n\n\n<p>Triff die richtige Wahl, entscheide dich f\u00fcr eine lange Bindung mit Kampa Air Zelten.  <\/p>\n\n\n\n<p><\/p>\n","protected":false},"excerpt":{"rendered":"<p>Jetzt aber mal ganz flott, du bekommst etwas gratis. Wann hast du das letzte Mal etwas gratis bekommen, au\u00dfer die monatlichen Rechnungen!? Beim Kauf eines Kampa Club Air oder Rally Air Pro haben wir f\u00fcr dich einenTeppich (Hauptzelt), Alu-Andruckstangen, Innenhimmel und Sturmband ganz umsonst. Klingt gut oder?<\/p>\n","protected":false},"author":3,"featured_media":443,"comment_status":"open","ping_status":"closed","sticky":false,"template":"","format":"standard","meta":{"footnotes":""},"categories":[5,7],"tags":[36,33,35,34,20,38,37,17],"class_list":["post-434","post","type-post","status-publish","format-standard","has-post-thumbnail","hentry","category-aktuelles","category-tipps-und-trends","tag-air-zelte","tag-deal","tag-gratis","tag-guenstig","tag-kampa","tag-kampa-air-zelt","tag-kaufen","tag-zelte"],"aioseo_notices":[],"_links":{"self":[{"href":"https:\/\/www.zeldi.de\/blog\/index.php?rest_route=\/wp\/v2\/posts\/434","targetHints":{"allow":["GET"]}}],"collection":[{"href":"https:\/\/www.zeldi.de\/blog\/index.php?rest_route=\/wp\/v2\/posts"}],"about":[{"href":"https:\/\/www.zeldi.de\/blog\/index.php?rest_route=\/wp\/v2\/types\/post"}],"author":[{"embeddable":true,"href":"https:\/\/www.zeldi.de\/blog\/index.php?rest_route=\/wp\/v2\/users\/3"}],"replies":[{"embeddable":true,"href":"https:\/\/www.zeldi.de\/blog\/index.php?rest_route=%2Fwp%2Fv2%2Fcomments&post=434"}],"version-history":[{"count":3,"href":"https:\/\/www.zeldi.de\/blog\/index.php?rest_route=\/wp\/v2\/posts\/434\/revisions"}],"predecessor-version":[{"id":444,"href":"https:\/\/www.zeldi.de\/blog\/index.php?rest_route=\/wp\/v2\/posts\/434\/revisions\/444"}],"wp:featuredmedia":[{"embeddable":true,"href":"https:\/\/www.zeldi.de\/blog\/index.php?rest_route=\/wp\/v2\/media\/443"}],"wp:attachment":[{"href":"https:\/\/www.zeldi.de\/blog\/index.php?rest_route=%2Fwp%2Fv2%2Fmedia&parent=434"}],"wp:term":[{"taxonomy":"category","embeddable":true,"href":"https:\/\/www.zeldi.de\/blog\/index.php?rest_route=%2Fwp%2Fv2%2Fcategories&post=434"},{"taxonomy":"post_tag","embeddable":true,"href":"https:\/\/www.zeldi.de\/blog\/index.php?rest_route=%2Fwp%2Fv2%2Ftags&post=434"}],"curies":[{"name":"wp","href":"https:\/\/api.w.org\/{rel}","templated":true}]}}