{"id":159,"date":"2018-04-26T10:23:56","date_gmt":"2018-04-26T09:23:56","guid":{"rendered":"http:\/\/www.zeldi.de\/blog\/?p=159"},"modified":"2018-04-26T11:11:03","modified_gmt":"2018-04-26T10:11:03","slug":"wow-entdecke-die-neuheiten-bei-kampa","status":"publish","type":"post","link":"https:\/\/www.zeldi.de\/blog\/?p=159","title":{"rendered":"Wow! Entdecke die Neuheiten bei Kampa!"},"content":{"rendered":"<p>Neuheiten der Fa. Kampa!<br \/>\nDu brauchst ein neues Vorzelt f\u00fcr dein Wohnmobil oder Caravan? Schau doch mal bei Kampa rein, wir haben f\u00fcr dich tolle Neuheiten der Fa. Kampa f\u00fcrs Fr\u00fchjahr.<br \/>\nKampa bietet f\u00fcr jeden Geschmack das passende Zelt.<!--more--><\/p>\n<p>Mehr Informationen findest du <a href=\"https:\/\/www.zeldi.de\/1308-Neuheiten\/\">HIER!<\/a><\/p>\n<div id='gallery-1' class='gallery galleryid-159 gallery-columns-3 gallery-size-thumbnail'><figure class='gallery-item'>\n\t\t\t<div class='gallery-icon landscape'>\n\t\t\t\t<a href='https:\/\/www.zeldi.de\/blog\/?attachment_id=160'><img loading=\"lazy\" decoding=\"async\" width=\"150\" height=\"150\" src=\"https:\/\/www.zeldi.de\/blog\/wp-content\/uploads\/2018\/04\/Kampa_Motor-150x150.jpg\" class=\"attachment-thumbnail size-thumbnail\" alt=\"\" aria-describedby=\"gallery-1-160\" srcset=\"https:\/\/www.zeldi.de\/blog\/wp-content\/uploads\/2018\/04\/Kampa_Motor-150x150.jpg 150w, https:\/\/www.zeldi.de\/blog\/wp-content\/uploads\/2018\/04\/Kampa_Motor-100x100.jpg 100w\" sizes=\"auto, 100vw\" \/><\/a>\n\t\t\t<\/div>\n\t\t\t\t<figcaption class='wp-caption-text gallery-caption' id='gallery-1-160'>\n\t\t\t\tKampa Motor Rally Air Pro\n\t\t\t\t<\/figcaption><\/figure><figure class='gallery-item'>\n\t\t\t<div class='gallery-icon landscape'>\n\t\t\t\t<a href='https:\/\/www.zeldi.de\/blog\/?attachment_id=161'><img loading=\"lazy\" decoding=\"async\" width=\"150\" height=\"150\" src=\"https:\/\/www.zeldi.de\/blog\/wp-content\/uploads\/2018\/04\/Kampa_Rally-150x150.jpg\" class=\"attachment-thumbnail size-thumbnail\" alt=\"\" aria-describedby=\"gallery-1-161\" srcset=\"https:\/\/www.zeldi.de\/blog\/wp-content\/uploads\/2018\/04\/Kampa_Rally-150x150.jpg 150w, https:\/\/www.zeldi.de\/blog\/wp-content\/uploads\/2018\/04\/Kampa_Rally-100x100.jpg 100w\" sizes=\"auto, 100vw\" \/><\/a>\n\t\t\t<\/div>\n\t\t\t\t<figcaption class='wp-caption-text gallery-caption' id='gallery-1-161'>\n\t\t\t\tKampa Rally Air Pro\n\t\t\t\t<\/figcaption><\/figure><figure class='gallery-item'>\n\t\t\t<div class='gallery-icon landscape'>\n\t\t\t\t<a href='https:\/\/www.zeldi.de\/blog\/?attachment_id=162'><img loading=\"lazy\" decoding=\"async\" width=\"150\" height=\"150\" src=\"https:\/\/www.zeldi.de\/blog\/wp-content\/uploads\/2018\/04\/Kampa_Rally_Air-150x150.jpg\" class=\"attachment-thumbnail size-thumbnail\" alt=\"\" aria-describedby=\"gallery-1-162\" srcset=\"https:\/\/www.zeldi.de\/blog\/wp-content\/uploads\/2018\/04\/Kampa_Rally_Air-150x150.jpg 150w, https:\/\/www.zeldi.de\/blog\/wp-content\/uploads\/2018\/04\/Kampa_Rally_Air-100x100.jpg 100w\" sizes=\"auto, 100vw\" \/><\/a>\n\t\t\t<\/div>\n\t\t\t\t<figcaption class='wp-caption-text gallery-caption' id='gallery-1-162'>\n\t\t\t\tKampa Rally Air Pro 390 Grande \n\t\t\t\t<\/figcaption><\/figure>\n\t\t<\/div>\n\n<p>Mach es dir leicht mit Kampa!<br \/>\nVorzeltaufbau muss f\u00fcr dich keine schwei\u00dftreibende Angelegenheit sein. Wenn du Pech hast, stehst du beim Aufbau deines Vorzeltes im Regen oder in der prallen Sonne.<br \/>\nMit den Luftschlauch-Vorzelten von Kampa zum Aufpumpen geht der Aufbau kinderleicht und viel schneller.<\/p>\n<p>Mehr Informationen findest du <a href=\"https:\/\/www.zeldi.de\/1308-Neuheiten\/\">HIER!<\/a><\/p>\n<div id='gallery-2' class='gallery galleryid-159 gallery-columns-3 gallery-size-thumbnail'><figure class='gallery-item'>\n\t\t\t<div class='gallery-icon landscape'>\n\t\t\t\t<a href='https:\/\/www.zeldi.de\/blog\/?attachment_id=167'><img loading=\"lazy\" decoding=\"async\" width=\"150\" height=\"150\" src=\"https:\/\/www.zeldi.de\/blog\/wp-content\/uploads\/2018\/04\/Kampa_Travel-150x150.jpg\" class=\"attachment-thumbnail size-thumbnail\" alt=\"\" aria-describedby=\"gallery-2-167\" srcset=\"https:\/\/www.zeldi.de\/blog\/wp-content\/uploads\/2018\/04\/Kampa_Travel-150x150.jpg 150w, https:\/\/www.zeldi.de\/blog\/wp-content\/uploads\/2018\/04\/Kampa_Travel-100x100.jpg 100w\" sizes=\"auto, 100vw\" \/><\/a>\n\t\t\t<\/div>\n\t\t\t\t<figcaption class='wp-caption-text gallery-caption' id='gallery-2-167'>\n\t\t\t\tKampa Travel Pod Touring Air \/ Touring Air Classic\n\t\t\t\t<\/figcaption><\/figure><figure class='gallery-item'>\n\t\t\t<div class='gallery-icon landscape'>\n\t\t\t\t<a href='https:\/\/www.zeldi.de\/blog\/?attachment_id=165'><img loading=\"lazy\" decoding=\"async\" width=\"150\" height=\"150\" src=\"https:\/\/www.zeldi.de\/blog\/wp-content\/uploads\/2018\/04\/Kampa_Rally_Air_Pro-150x150.jpg\" class=\"attachment-thumbnail size-thumbnail\" alt=\"\" aria-describedby=\"gallery-2-165\" srcset=\"https:\/\/www.zeldi.de\/blog\/wp-content\/uploads\/2018\/04\/Kampa_Rally_Air_Pro-150x150.jpg 150w, https:\/\/www.zeldi.de\/blog\/wp-content\/uploads\/2018\/04\/Kampa_Rally_Air_Pro-100x100.jpg 100w\" sizes=\"auto, 100vw\" \/><\/a>\n\t\t\t<\/div>\n\t\t\t\t<figcaption class='wp-caption-text gallery-caption' id='gallery-2-165'>\n\t\t\t\tKampa Rally Air Pro PLUS | 260 Plus &#8211; 390 Plus\n\t\t\t\t<\/figcaption><\/figure><figure class='gallery-item'>\n\t\t\t<div class='gallery-icon landscape'>\n\t\t\t\t<a href='https:\/\/www.zeldi.de\/blog\/?attachment_id=164'><img loading=\"lazy\" decoding=\"async\" width=\"150\" height=\"150\" src=\"https:\/\/www.zeldi.de\/blog\/wp-content\/uploads\/2018\/04\/Kampa_Frontier-150x150.jpg\" class=\"attachment-thumbnail size-thumbnail\" alt=\"\" aria-describedby=\"gallery-2-164\" srcset=\"https:\/\/www.zeldi.de\/blog\/wp-content\/uploads\/2018\/04\/Kampa_Frontier-150x150.jpg 150w, https:\/\/www.zeldi.de\/blog\/wp-content\/uploads\/2018\/04\/Kampa_Frontier-100x100.jpg 100w\" sizes=\"auto, 100vw\" \/><\/a>\n\t\t\t<\/div>\n\t\t\t\t<figcaption class='wp-caption-text gallery-caption' id='gallery-2-164'>\n\t\t\t\tKampa Frontier Air Pro\n\t\t\t\t<\/figcaption><\/figure>\n\t\t<\/div>\n\n<p>Fazit:<br \/>\nBei Kampa hast du keine Stangen, einfacher Aufbau, tolles Raumgef\u00fchl, Vorder- oder Seitenw\u00e4nde sind abklapp- oder herausnehmbar.<\/p>\n","protected":false},"excerpt":{"rendered":"<p>Neuheiten der Fa. Kampa! Du brauchst ein neues Vorzelt f\u00fcr dein Wohnmobil oder Caravan? Schau doch mal bei Kampa rein, wir haben f\u00fcr dich tolle Neuheiten der Fa. Kampa f\u00fcrs Fr\u00fchjahr. Kampa bietet f\u00fcr jeden Geschmack das passende Zelt.<\/p>\n","protected":false},"author":3,"featured_media":168,"comment_status":"open","ping_status":"closed","sticky":false,"template":"","format":"standard","meta":{"footnotes":""},"categories":[6,7,1],"tags":[],"class_list":["post-159","post","type-post","status-publish","format-standard","has-post-thumbnail","hentry","category-neuheiten","category-tipps-und-trends","category-uncategorized"],"aioseo_notices":[],"_links":{"self":[{"href":"https:\/\/www.zeldi.de\/blog\/index.php?rest_route=\/wp\/v2\/posts\/159","targetHints":{"allow":["GET"]}}],"collection":[{"href":"https:\/\/www.zeldi.de\/blog\/index.php?rest_route=\/wp\/v2\/posts"}],"about":[{"href":"https:\/\/www.zeldi.de\/blog\/index.php?rest_route=\/wp\/v2\/types\/post"}],"author":[{"embeddable":true,"href":"https:\/\/www.zeldi.de\/blog\/index.php?rest_route=\/wp\/v2\/users\/3"}],"replies":[{"embeddable":true,"href":"https:\/\/www.zeldi.de\/blog\/index.php?rest_route=%2Fwp%2Fv2%2Fcomments&post=159"}],"version-history":[{"count":7,"href":"https:\/\/www.zeldi.de\/blog\/index.php?rest_route=\/wp\/v2\/posts\/159\/revisions"}],"predecessor-version":[{"id":174,"href":"https:\/\/www.zeldi.de\/blog\/index.php?rest_route=\/wp\/v2\/posts\/159\/revisions\/174"}],"wp:featuredmedia":[{"embeddable":true,"href":"https:\/\/www.zeldi.de\/blog\/index.php?rest_route=\/wp\/v2\/media\/168"}],"wp:attachment":[{"href":"https:\/\/www.zeldi.de\/blog\/index.php?rest_route=%2Fwp%2Fv2%2Fmedia&parent=159"}],"wp:term":[{"taxonomy":"category","embeddable":true,"href":"https:\/\/www.zeldi.de\/blog\/index.php?rest_route=%2Fwp%2Fv2%2Fcategories&post=159"},{"taxonomy":"post_tag","embeddable":true,"href":"https:\/\/www.zeldi.de\/blog\/index.php?rest_route=%2Fwp%2Fv2%2Ftags&post=159"}],"curies":[{"name":"wp","href":"https:\/\/api.w.org\/{rel}","templated":true}]}}