{"id":1448,"date":"2025-08-01T08:30:40","date_gmt":"2025-08-01T07:30:40","guid":{"rendered":"https:\/\/www.zeldi.de\/blog\/?p=1448"},"modified":"2025-08-01T08:30:41","modified_gmt":"2025-08-01T07:30:41","slug":"triff-uns-auf-dem-caravan-salon-2025-duesseldorf","status":"publish","type":"post","link":"https:\/\/www.zeldi.de\/blog\/?p=1448","title":{"rendered":"Triff uns auf dem CARAVAN SALON 2025  D\u00fcsseldorf!"},"content":{"rendered":"<p>Der Countdown l\u00e4uft: Vom 29. August bis 7. September 2025 wird die Caravan Salon D\u00fcsseldorf erneut zur Weltmetropole des mobilen Reisens \u2013 und wir von Zeldi.de sind mit dabei!<!--more--><br data-start=\"903\" data-end=\"906\" \/>Du findest uns als Partner am <a href=\"http:\/\/Zeldi.de\/?from=blog\">Dometic Outdoor<\/a> Stand in Halle 3, Stand B70-1 bis B70-03. Wir freuen uns, dich dort pers\u00f6nlich zu treffen und dir unsere Outdoor-Highlights vorzustellen!<\/p>\n\n\n<figure class=\"wp-block-image size-full\"><img loading=\"lazy\" decoding=\"async\" width=\"600\" height=\"503\" src=\"https:\/\/www.zeldi.de\/blog\/wp-content\/uploads\/2025\/07\/Zeldi.de-1.png\" alt=\"\" class=\"wp-image-1452\" srcset=\"https:\/\/www.zeldi.de\/blog\/wp-content\/uploads\/2025\/07\/Zeldi.de-1.png 600w, https:\/\/www.zeldi.de\/blog\/wp-content\/uploads\/2025\/07\/Zeldi.de-1-300x252.png 300w\" sizes=\"auto, (max-width: 600px) 100vw, 600px\" \/><\/figure>\n\n\n<h2 data-start=\"1103\" data-end=\"1156\">Caravan Salon D\u00fcsseldorf 2025 \u2013 das erwartet dich<\/h2>\n<p data-start=\"1158\" data-end=\"1278\">Der <a href=\"http:\/\/Zeldi.de\/?from=blog\">CARAVAN SALON<\/a> ist die weltweit gr\u00f6\u00dfte Messe rund um Caravaning, Camping und mobiles Reisen. <strong>Auf dich warten:<\/strong><\/p>\n<p data-start=\"1280\" data-end=\"1509\">Eine riesige Auswahl an Reisemobilen, Caravans und Campervans<br data-start=\"1347\" data-end=\"1350\" \/>Campingzubeh\u00f6r, Zelte, Outdoor-Ausr\u00fcstung und Ausbauteile<br data-start=\"1425\" data-end=\"1428\" \/>Touristische Reiseziele, Stellpl\u00e4tze und neue Ideen f\u00fcr deine Abenteuer<\/p>\n<p data-start=\"1511\" data-end=\"1587\">Nur hier kannst du diese Vielfalt entdecken, vergleichen \u2013 und live erleben!<\/p>\n<p data-start=\"1511\" data-end=\"1587\">\u00a0<\/p>\n\n\n<figure class=\"wp-block-image size-full\"><img loading=\"lazy\" decoding=\"async\" width=\"456\" height=\"454\" src=\"https:\/\/www.zeldi.de\/blog\/wp-content\/uploads\/2025\/07\/Caravan_Salon-1.jpg\" alt=\"\" class=\"wp-image-1454\" srcset=\"https:\/\/www.zeldi.de\/blog\/wp-content\/uploads\/2025\/07\/Caravan_Salon-1.jpg 456w, https:\/\/www.zeldi.de\/blog\/wp-content\/uploads\/2025\/07\/Caravan_Salon-1-300x300.jpg 300w, https:\/\/www.zeldi.de\/blog\/wp-content\/uploads\/2025\/07\/Caravan_Salon-1-150x150.jpg 150w, https:\/\/www.zeldi.de\/blog\/wp-content\/uploads\/2025\/07\/Caravan_Salon-1-100x100.jpg 100w\" sizes=\"auto, (max-width: 456px) 100vw, 456px\" \/><\/figure>\n\n\n<h2>Mit Dometic wird Outdoor komfortabel Caravan Salon D\u00fcsseldorf<\/h2>\n<p data-start=\"280\" data-end=\"538\">Ob im Reisemobil, Wohnwagen oder Van \u2013 mit unseren cleveren L\u00f6sungen wird <a href=\"http:\/\/Zeldi.de\/?from=blog\">Campen<\/a> noch komfortabler.<br data-start=\"386\" data-end=\"389\" \/>Du suchst nach einem Zelt, das schnell aufgebaut, vielseitig einsetzbar und besonders robust ist? Dann bist du bei uns genau richtig!<\/p>\n<p data-start=\"540\" data-end=\"736\">Gemeinsam mit Dometic zeigen wir dir vor Ort nicht nur smarte Zeltl\u00f6sungen, sondern auch ausgew\u00e4hlte Dometic K\u00fchlboxen und n\u00fctzliches Zubeh\u00f6r rund um Energie, Solar &amp; autarkes Camping.<\/p>\n<p data-start=\"738\" data-end=\"970\">Egal, ob du gerade deinen n\u00e4chsten Campingurlaub planst, aufs Festival f\u00e4hrst oder den Vanlife-Alltag genie\u00dft \u2013 bei uns findest du die passende Ausr\u00fcstung, um drau\u00dfen unabh\u00e4ngig und gut organisiert unterwegs zu sein.<\/p>\n\n<h2 data-start=\"2132\" data-end=\"2228\">Unser Platz auf Caravan Salon 2025 D\u00fcsseldorf:<br \/><strong>Dometic Outdoor Stand \u2013 Halle 3 | Stand B70-1 bis B70-03<\/strong><\/h2>\n<p data-start=\"2230\" data-end=\"2371\">Komm vorbei, sag Hallo <a href=\"http:\/\/Zeldi.de\/?from=blog\">Zeldi.de<\/a> und lass dich inspirieren \u2013 wir freuen uns auf spannende Gespr\u00e4che mit dir, auf neue Gesichter und bekannte Kunden!<\/p>\n\n\n<p><\/p>\n","protected":false},"excerpt":{"rendered":"<p>Der Countdown l\u00e4uft: Vom 29. August bis 7. September 2025 wird die Caravan Salon D\u00fcsseldorf erneut zur Weltmetropole des mobilen Reisens \u2013 und wir von Zeldi.de sind mit dabei!<\/p>\n","protected":false},"author":3,"featured_media":1449,"comment_status":"open","ping_status":"closed","sticky":false,"template":"","format":"standard","meta":{"footnotes":""},"categories":[5],"tags":[13,393,193,272,391,73,41,392,19],"class_list":["post-1448","post","type-post","status-publish","format-standard","has-post-thumbnail","hentry","category-aktuelles","tag-camping","tag-caravan-salon-2025","tag-dometic","tag-dometic-camping","tag-dometic-caravan-salon","tag-vorzelt","tag-vorzelte","tag-zeldi-de-carvan-salon","tag-zubehoer"],"aioseo_notices":[],"_links":{"self":[{"href":"https:\/\/www.zeldi.de\/blog\/index.php?rest_route=\/wp\/v2\/posts\/1448","targetHints":{"allow":["GET"]}}],"collection":[{"href":"https:\/\/www.zeldi.de\/blog\/index.php?rest_route=\/wp\/v2\/posts"}],"about":[{"href":"https:\/\/www.zeldi.de\/blog\/index.php?rest_route=\/wp\/v2\/types\/post"}],"author":[{"embeddable":true,"href":"https:\/\/www.zeldi.de\/blog\/index.php?rest_route=\/wp\/v2\/users\/3"}],"replies":[{"embeddable":true,"href":"https:\/\/www.zeldi.de\/blog\/index.php?rest_route=%2Fwp%2Fv2%2Fcomments&post=1448"}],"version-history":[{"count":2,"href":"https:\/\/www.zeldi.de\/blog\/index.php?rest_route=\/wp\/v2\/posts\/1448\/revisions"}],"predecessor-version":[{"id":1456,"href":"https:\/\/www.zeldi.de\/blog\/index.php?rest_route=\/wp\/v2\/posts\/1448\/revisions\/1456"}],"wp:featuredmedia":[{"embeddable":true,"href":"https:\/\/www.zeldi.de\/blog\/index.php?rest_route=\/wp\/v2\/media\/1449"}],"wp:attachment":[{"href":"https:\/\/www.zeldi.de\/blog\/index.php?rest_route=%2Fwp%2Fv2%2Fmedia&parent=1448"}],"wp:term":[{"taxonomy":"category","embeddable":true,"href":"https:\/\/www.zeldi.de\/blog\/index.php?rest_route=%2Fwp%2Fv2%2Fcategories&post=1448"},{"taxonomy":"post_tag","embeddable":true,"href":"https:\/\/www.zeldi.de\/blog\/index.php?rest_route=%2Fwp%2Fv2%2Ftags&post=1448"}],"curies":[{"name":"wp","href":"https:\/\/api.w.org\/{rel}","templated":true}]}}