{"id":1293,"date":"2024-07-12T10:53:45","date_gmt":"2024-07-12T09:53:45","guid":{"rendered":"https:\/\/www.zeldi.de\/blog\/?p=1293"},"modified":"2024-07-12T10:53:46","modified_gmt":"2024-07-12T09:53:46","slug":"dwt-juwel-iii-alle-jahreszeiten","status":"publish","type":"post","link":"https:\/\/www.zeldi.de\/blog\/?p=1293","title":{"rendered":"DWT Juwel III &#8211; alle Jahreszeiten"},"content":{"rendered":"<p data-sourcepos=\"1:1-1:70\"><strong>DWT Juwel III Saison-Ganzjahreszelt: F\u00fcr echte Camping-Enthusiasten<\/strong><\/p>\n<p data-sourcepos=\"3:1-3:52\">Du geh\u00f6rst zu den Campern, die das ganze Jahr \u00fcber die Natur genie\u00dfen? Dann kennst du das Problem: Manches Vorzelt h\u00e4lt den Dauereinsatz einfach nicht aus und muss schon nach kurzer Zeit ersetzt werden.<!--more-->Mit dem <a href=\"https:\/\/www.zeldi.de\/4-Wohnwagen-Vorzelte\/1287-Teilzelte-mit-Gestaenge\/1036-DWT-Juwel-III-Saison-Ganzjahreszelt\/?from=banner\">DWT Juwel III Saison-Ganzjahreszelt<\/a> geh\u00f6rt das der Vergangenheit an! Dieses Zelt ist speziell f\u00fcr die hohen Anforderungen von Dauercampern entwickelt worden und bietet dir:\u00a0<br \/>Trommelwirbel (hohe Stimme), da unten geht&#8217;s weiter!<\/p>\n\n\n<figure class=\"wp-block-image size-full\"><img loading=\"lazy\" decoding=\"async\" width=\"495\" height=\"365\" src=\"https:\/\/www.zeldi.de\/blog\/wp-content\/uploads\/2024\/07\/DWT1.jpg\" alt=\"\" class=\"wp-image-1296\" srcset=\"https:\/\/www.zeldi.de\/blog\/wp-content\/uploads\/2024\/07\/DWT1.jpg 495w, https:\/\/www.zeldi.de\/blog\/wp-content\/uploads\/2024\/07\/DWT1-300x221.jpg 300w\" sizes=\"auto, (max-width: 495px) 100vw, 495px\" \/><figcaption class=\"wp-element-caption\"><a href=\"https:\/\/www.zeldi.de\/4-Wohnwagen-Vorzelte\/1287-Teilzelte-mit-Gestaenge\/1036-DWT-Juwel-III-Saison-Ganzjahreszelt\/?from=banner\">DWT Juwel III Saison-Ganzjahreszelt<\/a><\/figcaption><\/figure>\n\n\n<h2>Das DWT Juwel III Saison&nbsp;<\/h2>\n<p><strong>Extreme Robustheit:<\/strong> Hochwertige Materialien und eine sturmsichere Konstruktion trotzen Wind und Wetter, Saison f\u00fcr Saison.<\/p>\n<p><strong>Ganzjahreskomfort:<\/strong> Ob im Fr\u00fchling, Sommer, Herbst oder Winter \u2013 das DWT Juwel III bietet dir dank optimaler Bel\u00fcftung und W\u00e4rmed\u00e4mmung ein angenehmes Klima in jeder Jahreszeit.<\/p>\n<p><strong>Viel Platz:<\/strong> Das ger\u00e4umige Vorzelt bietet dir und deiner Familie ausreichend Platz zum Kochen, Essen und gem\u00fctlichen Beisammensein.<\/p>\n<p><strong>Flexibilit\u00e4t:<\/strong> <a href=\"https:\/\/www.zeldi.de\/4-Wohnwagen-Vorzelte\/1287-Teilzelte-mit-Gestaenge\/1036-DWT-Juwel-III-Saison-Ganzjahreszelt\/?from=banner\">Das DWT Juwel III<\/a> ist in verschiedenen Gr\u00f6\u00dfen erh\u00e4ltlich und kann so an deine individuellen Bed\u00fcrfnisse angepasst werden.<\/p>\n<p><strong>Kurz gesagt:<\/strong> <a href=\"https:\/\/www.zeldi.de\/4-Wohnwagen-Vorzelte\/1287-Teilzelte-mit-Gestaenge\/1036-DWT-Juwel-III-Saison-Ganzjahreszelt\/?from=banner\">Das DWT Juwel III<\/a> Saison-Ganzjahreszelt ist die perfekte Wahl f\u00fcr alle passionierten Camper, die ein zuverl\u00e4ssiges und komfortables Zuhause auf dem Campingplatz suchen.<\/p>\n\n\n<figure class=\"wp-block-gallery has-nested-images columns-default is-cropped wp-block-gallery-1 is-layout-flex wp-block-gallery-is-layout-flex\">\n<figure class=\"wp-block-image size-large\"><img loading=\"lazy\" decoding=\"async\" width=\"498\" height=\"368\" data-id=\"1299\" src=\"https:\/\/www.zeldi.de\/blog\/wp-content\/uploads\/2024\/07\/juwel4.jpg\" alt=\"\" class=\"wp-image-1299\" srcset=\"https:\/\/www.zeldi.de\/blog\/wp-content\/uploads\/2024\/07\/juwel4.jpg 498w, https:\/\/www.zeldi.de\/blog\/wp-content\/uploads\/2024\/07\/juwel4-300x222.jpg 300w\" sizes=\"auto, (max-width: 498px) 100vw, 498px\" \/><\/figure>\n\n\n\n<figure class=\"wp-block-image size-large\"><img loading=\"lazy\" decoding=\"async\" width=\"503\" height=\"364\" data-id=\"1300\" src=\"https:\/\/www.zeldi.de\/blog\/wp-content\/uploads\/2024\/07\/juwel5.jpg\" alt=\"\" class=\"wp-image-1300\" srcset=\"https:\/\/www.zeldi.de\/blog\/wp-content\/uploads\/2024\/07\/juwel5.jpg 503w, https:\/\/www.zeldi.de\/blog\/wp-content\/uploads\/2024\/07\/juwel5-300x217.jpg 300w\" sizes=\"auto, (max-width: 503px) 100vw, 503px\" \/><\/figure>\n\n\n\n<figure class=\"wp-block-image size-large\"><img loading=\"lazy\" decoding=\"async\" width=\"503\" height=\"366\" data-id=\"1301\" src=\"https:\/\/www.zeldi.de\/blog\/wp-content\/uploads\/2024\/07\/juwel3.jpg\" alt=\"\" class=\"wp-image-1301\" srcset=\"https:\/\/www.zeldi.de\/blog\/wp-content\/uploads\/2024\/07\/juwel3.jpg 503w, https:\/\/www.zeldi.de\/blog\/wp-content\/uploads\/2024\/07\/juwel3-300x218.jpg 300w\" sizes=\"auto, (max-width: 503px) 100vw, 503px\" \/><\/figure>\n<\/figure>\n","protected":false},"excerpt":{"rendered":"<p>Das DWT Juwel III Saison-Ganzjahreszelt, dieses Zelt ist speziell f\u00fcr die hohen Anforderungen von Dauercampern entwickelt worden.<\/p>\n","protected":false},"author":3,"featured_media":1294,"comment_status":"open","ping_status":"closed","sticky":false,"template":"","format":"standard","meta":{"footnotes":""},"categories":[5],"tags":[44,222,219,345,133,344],"class_list":["post-1293","post","type-post","status-publish","format-standard","has-post-thumbnail","hentry","category-aktuelles","tag-dwt","tag-dwt-airzelte","tag-dwt-buszelte","tag-dwt-juwel","tag-dwt-zelte","tag-ganzjahreszelte"],"aioseo_notices":[],"_links":{"self":[{"href":"https:\/\/www.zeldi.de\/blog\/index.php?rest_route=\/wp\/v2\/posts\/1293","targetHints":{"allow":["GET"]}}],"collection":[{"href":"https:\/\/www.zeldi.de\/blog\/index.php?rest_route=\/wp\/v2\/posts"}],"about":[{"href":"https:\/\/www.zeldi.de\/blog\/index.php?rest_route=\/wp\/v2\/types\/post"}],"author":[{"embeddable":true,"href":"https:\/\/www.zeldi.de\/blog\/index.php?rest_route=\/wp\/v2\/users\/3"}],"replies":[{"embeddable":true,"href":"https:\/\/www.zeldi.de\/blog\/index.php?rest_route=%2Fwp%2Fv2%2Fcomments&post=1293"}],"version-history":[{"count":6,"href":"https:\/\/www.zeldi.de\/blog\/index.php?rest_route=\/wp\/v2\/posts\/1293\/revisions"}],"predecessor-version":[{"id":1304,"href":"https:\/\/www.zeldi.de\/blog\/index.php?rest_route=\/wp\/v2\/posts\/1293\/revisions\/1304"}],"wp:featuredmedia":[{"embeddable":true,"href":"https:\/\/www.zeldi.de\/blog\/index.php?rest_route=\/wp\/v2\/media\/1294"}],"wp:attachment":[{"href":"https:\/\/www.zeldi.de\/blog\/index.php?rest_route=%2Fwp%2Fv2%2Fmedia&parent=1293"}],"wp:term":[{"taxonomy":"category","embeddable":true,"href":"https:\/\/www.zeldi.de\/blog\/index.php?rest_route=%2Fwp%2Fv2%2Fcategories&post=1293"},{"taxonomy":"post_tag","embeddable":true,"href":"https:\/\/www.zeldi.de\/blog\/index.php?rest_route=%2Fwp%2Fv2%2Ftags&post=1293"}],"curies":[{"name":"wp","href":"https:\/\/api.w.org\/{rel}","templated":true}]}}