{"id":1104,"date":"2023-03-31T10:01:13","date_gmt":"2023-03-31T09:01:13","guid":{"rendered":"https:\/\/www.zeldi.de\/blog\/?p=1104"},"modified":"2023-03-31T10:01:14","modified_gmt":"2023-03-31T09:01:14","slug":"oster-eier-rabatte","status":"publish","type":"post","link":"https:\/\/www.zeldi.de\/blog\/?p=1104","title":{"rendered":"Oster-Eier-Rabatte!"},"content":{"rendered":"<p>Vom 31.03.2023 bis zum 10.04.2023 kannst du jetzt durch unsere Eier-Rabatte Geld <!--more-->sparen!<br>Greif zu und such dir den sch\u00f6nsten Eier-Rabatt!<br>Viel Spa\u00df beim Sammeln und ein sch\u00f6nes Osterfest!<\/p>\n\n\n<figure class=\"wp-block-image size-full\"><img loading=\"lazy\" decoding=\"async\" width=\"600\" height=\"304\" src=\"https:\/\/www.zeldi.de\/blog\/wp-content\/uploads\/2023\/03\/kampa_dometic.jpg\" alt=\"\" class=\"wp-image-1107\" srcset=\"https:\/\/www.zeldi.de\/blog\/wp-content\/uploads\/2023\/03\/kampa_dometic.jpg 600w, https:\/\/www.zeldi.de\/blog\/wp-content\/uploads\/2023\/03\/kampa_dometic-300x152.jpg 300w\" sizes=\"auto, (max-width: 600px) 100vw, 600px\" \/><figcaption class=\"wp-element-caption\">kampa-dometic-buszelt-sprint-air<\/figcaption><\/figure>\n\n\n<h1 id=\"item_name_h1\">Kampa Dometic Buszelt Sprint Air Camping Buszelt<\/h1>\n<p>Das Kampa Sprint Air Busvorzelt besteht aus dem leichten und wasserfesten Polyester Weathershield&#x2122; 68D-Material und der Kampa AirFrame-Technologie. Durch diese Technologie wird dein Zelt einfach und schnell an den verschiedenen Aufblaspunkten mit Luft bef\u00fcllt. In das Innere des Zeltes gelangst du durch den mit einem Moskitonetz versehenen und \u00fcberdachten Fronteingang.<\/p>\n<p>Viel mehr Infos zu deinem Kampa Zelt findest du HIER!<\/p>\n\n\n<figure class=\"wp-block-image size-full\"><img loading=\"lazy\" decoding=\"async\" width=\"600\" height=\"493\" src=\"https:\/\/www.zeldi.de\/blog\/wp-content\/uploads\/2023\/03\/hundehuette.jpg\" alt=\"\" class=\"wp-image-1109\" srcset=\"https:\/\/www.zeldi.de\/blog\/wp-content\/uploads\/2023\/03\/hundehuette.jpg 600w, https:\/\/www.zeldi.de\/blog\/wp-content\/uploads\/2023\/03\/hundehuette-300x247.jpg 300w\" sizes=\"auto, (max-width: 600px) 100vw, 600px\" \/><figcaption class=\"wp-element-caption\">Kampa-Dometic-Hundh\u00fctte-k9-80-air<\/figcaption><\/figure>\n\n\n<h2 id=\"item_name_h1\">Kampa Dometic Hundeh\u00fctte K9 80 Air<\/h2>\n<p>F\u00fcr deine Fellnase ein eigenes Zelt! Die Dometic Hundeh\u00fctte Air verf\u00fcgt \u00fcber einen herausnehmbaren Boden, gut f\u00fcr die schnelle Reinigung. Das K9 80 AIR von Dometic besteht aus leichtem, robusten Stoff, damit dein Hund bequem und sicher untergebracht ist. Diese vielseitige Hundeh\u00fctte<br>ist leicht zu reinigen, kompakt zusammenzulegen und verf\u00fcgt f\u00fcr den<br>leichteren Transport \u00fcber einen Tragegriff.&nbsp;<br>Ein Osterwunsch f\u00fcr die Fellnase!<\/p>\n<p><\/p>\n\n\n<figure class=\"wp-block-image size-full\"><img loading=\"lazy\" decoding=\"async\" width=\"600\" height=\"422\" src=\"https:\/\/www.zeldi.de\/blog\/wp-content\/uploads\/2023\/03\/geschirrset.jpg\" alt=\"\" class=\"wp-image-1111\" srcset=\"https:\/\/www.zeldi.de\/blog\/wp-content\/uploads\/2023\/03\/geschirrset.jpg 600w, https:\/\/www.zeldi.de\/blog\/wp-content\/uploads\/2023\/03\/geschirrset-300x211.jpg 300w\" sizes=\"auto, (max-width: 600px) 100vw, 600px\" \/><figcaption class=\"wp-element-caption\">Kampa-Dometic-Geschirr-Set Java<\/figcaption><\/figure>\n\n\n<h2 id=\"item_name_h1\">Kampa Dometic Geschirr-Set Java aus Melamin, 12-tlg.<\/h2>\n<p>Mit dem 12-teiligen Java Geschirr-Set f\u00fchlst Du dich beim Genuss deiner Mahlzeiten wie zu Hause. Das Melamin-Set aus unserer Artisan-Kollektion ist in h\u00fcbschen Farben mit einem ansprechenden Design gehalten. Unregelm\u00e4\u00dfige Konturen sorgen f\u00fcr eine rustikale \u00c4sthetik. Besonders strapazierf\u00e4hig, leicht und sp\u00fclmaschinengeeignet.<\/p>\n<p>Ab ins K\u00f6rbchen!<\/p>\n\n\n<figure class=\"wp-block-image size-full\"><img loading=\"lazy\" decoding=\"async\" width=\"600\" height=\"503\" src=\"https:\/\/www.zeldi.de\/blog\/wp-content\/uploads\/2023\/03\/Eier-Rabatt.png\" alt=\"\" class=\"wp-image-1113\" srcset=\"https:\/\/www.zeldi.de\/blog\/wp-content\/uploads\/2023\/03\/Eier-Rabatt.png 600w, https:\/\/www.zeldi.de\/blog\/wp-content\/uploads\/2023\/03\/Eier-Rabatt-300x252.png 300w\" sizes=\"auto, (max-width: 600px) 100vw, 600px\" \/><\/figure>\n","protected":false},"excerpt":{"rendered":"<p>Vom 31.03.2023 bis zum 10.04.2023 kannst du jetzt durch unsere Eier-Rabatte Geld<br \/>\nsparen!<\/p>\n","protected":false},"author":3,"featured_media":1106,"comment_status":"open","ping_status":"closed","sticky":false,"template":"","format":"standard","meta":{"footnotes":""},"categories":[5],"tags":[279,65,278,275,276,42,277],"class_list":["post-1104","post","type-post","status-publish","format-standard","has-post-thumbnail","hentry","category-aktuelles","tag-air-zelte-rabatte","tag-angebote","tag-osterangebote-kampa","tag-osterangebote-zelte","tag-ostern-zelten","tag-sonderangebote","tag-zelte-sonderpreise"],"aioseo_notices":[],"_links":{"self":[{"href":"https:\/\/www.zeldi.de\/blog\/index.php?rest_route=\/wp\/v2\/posts\/1104","targetHints":{"allow":["GET"]}}],"collection":[{"href":"https:\/\/www.zeldi.de\/blog\/index.php?rest_route=\/wp\/v2\/posts"}],"about":[{"href":"https:\/\/www.zeldi.de\/blog\/index.php?rest_route=\/wp\/v2\/types\/post"}],"author":[{"embeddable":true,"href":"https:\/\/www.zeldi.de\/blog\/index.php?rest_route=\/wp\/v2\/users\/3"}],"replies":[{"embeddable":true,"href":"https:\/\/www.zeldi.de\/blog\/index.php?rest_route=%2Fwp%2Fv2%2Fcomments&post=1104"}],"version-history":[{"count":6,"href":"https:\/\/www.zeldi.de\/blog\/index.php?rest_route=\/wp\/v2\/posts\/1104\/revisions"}],"predecessor-version":[{"id":1115,"href":"https:\/\/www.zeldi.de\/blog\/index.php?rest_route=\/wp\/v2\/posts\/1104\/revisions\/1115"}],"wp:featuredmedia":[{"embeddable":true,"href":"https:\/\/www.zeldi.de\/blog\/index.php?rest_route=\/wp\/v2\/media\/1106"}],"wp:attachment":[{"href":"https:\/\/www.zeldi.de\/blog\/index.php?rest_route=%2Fwp%2Fv2%2Fmedia&parent=1104"}],"wp:term":[{"taxonomy":"category","embeddable":true,"href":"https:\/\/www.zeldi.de\/blog\/index.php?rest_route=%2Fwp%2Fv2%2Fcategories&post=1104"},{"taxonomy":"post_tag","embeddable":true,"href":"https:\/\/www.zeldi.de\/blog\/index.php?rest_route=%2Fwp%2Fv2%2Ftags&post=1104"}],"curies":[{"name":"wp","href":"https:\/\/api.w.org\/{rel}","templated":true}]}}