{"id":1054,"date":"2023-01-10T09:16:10","date_gmt":"2023-01-10T08:16:10","guid":{"rendered":"http:\/\/www.zeldi.de\/blog\/?p=1054"},"modified":"2023-01-10T09:16:11","modified_gmt":"2023-01-10T08:16:11","slug":"campingplaetze-fuer-die-schneeverrueckten","status":"publish","type":"post","link":"https:\/\/www.zeldi.de\/blog\/?p=1054","title":{"rendered":"Campingpl\u00e4tze f\u00fcr die Schneeverr\u00fcckten!"},"content":{"rendered":"<p>Camping bei Temperaturen um den Gefrierpunkt?<br \/>Das ist genau dein Ding? <!--more-->Geil, dann haben wir f\u00fcr dich ein paar tolle Campingpl\u00e4tze in \u00d6STERREICH!<\/p>\n\n\n<figure class=\"wp-block-image\"><img loading=\"lazy\" decoding=\"async\" width=\"600\" height=\"345\" src=\"https:\/\/www.zeldi.de\/blog\/wp-content\/uploads\/2023\/01\/Cernak-3.jpg\" alt=\"\" class=\"wp-image-1062\" srcset=\"https:\/\/www.zeldi.de\/blog\/wp-content\/uploads\/2023\/01\/Cernak-3.jpg 600w, https:\/\/www.zeldi.de\/blog\/wp-content\/uploads\/2023\/01\/Cernak-3-300x173.jpg 300w\" sizes=\"auto, (max-width: 600px) 100vw, 600px\" \/><figcaption> Camping Hell im Zillertal &nbsp; <\/figcaption><\/figure>\n\n\n<h2>Camping Hell im Zillertal<\/h2>\n<p>In F\u00fcgen im Zillertal im Herzen Tirols, kann man sich als Wintercamper so richtig wohlf\u00fchlen. Egal ob Alpin Ski, Langlauf oder nur die klare Luft genie\u00dfen. Ein Besuch im Zillertal ist f\u00fcr Wintercamper ideal.<\/p>\n<p>Mehr zum Platz: https:\/\/www.caravaning.de\/campingplatz-vorstellung\/campingplatz-tipp-in-tirol-camping-hell\/<\/p>\n<p>Du brauchst noch ein Vorzelt? Gut, wie w\u00e4re es mit dem <a href=\"https:\/\/www.zeldi.de\/kampa-motor-rally-air-pro-390-driveaway-mod-2019.html\">Kampa Dometic Rally Air<\/a> Pro 390 D\/A Drive Away (freistehendes Reisemobilzelt)<br>Anbauh\u00f6he: 220-300 cm.<\/p>\n\n\n<figure class=\"wp-block-image\"><img loading=\"lazy\" decoding=\"async\" width=\"600\" height=\"315\" src=\"https:\/\/www.zeldi.de\/blog\/wp-content\/uploads\/2023\/01\/oetztal.jpg\" alt=\"\" class=\"wp-image-1057\" srcset=\"https:\/\/www.zeldi.de\/blog\/wp-content\/uploads\/2023\/01\/oetztal.jpg 600w, https:\/\/www.zeldi.de\/blog\/wp-content\/uploads\/2023\/01\/oetztal-300x158.jpg 300w\" sizes=\"auto, (max-width: 600px) 100vw, 600px\" \/><figcaption>Campingplatz Camping \u00d6tztal in L\u00e4ngenfeld<\/figcaption><\/figure>\n\n\n<h2>Campingplatz Camping \u00d6tztal in L\u00e4ngenfeld<\/h2>\n<p>Der Campingplatz fasst 150 Mobile am Ortsrand von Unterl\u00e4ngenfeld. Der Campingplatz liegt idyllisch am Waldrand. Das Zentrum ist zu Fu\u00df leicht erreichbar. \u00d6PNV-Anschluss in der N\u00e4he. Der Campingplatz ist Barrierefrei, bietet auch im Winter einen Br\u00f6tchenservice, Shop, Kiosk. Der Stellplatz ist beleuchtet, bietet einen Gasflaschenservice, Strom, Sanit\u00e4ranlage und&nbsp; Hunde sind erlaubt.&nbsp;<\/p>\n<p>Mehr Informationen findest du HIER: https:\/\/www.caravaning.de\/stellplatz\/camping-oetztal-59ba9235cb1ae76d256c4350.html<\/p>\n<p>Jetzt noch einen Schnapper machen! Wir haben das DWT Winterzelt Globus Plus Gr.1 (freistehend) f\u00fcr Reisemobile im <a href=\"https:\/\/www.zeldi.de\/dwt-winterzelt-globus-plus-gr-1-lieferbar-ende-februar-2018.html\">Angebot!<\/a><\/p>\n\n\n<figure class=\"wp-block-image\"><img loading=\"lazy\" decoding=\"async\" width=\"600\" height=\"328\" src=\"https:\/\/www.zeldi.de\/blog\/wp-content\/uploads\/2023\/01\/soelden.jpg\" alt=\"\" class=\"wp-image-1063\" srcset=\"https:\/\/www.zeldi.de\/blog\/wp-content\/uploads\/2023\/01\/soelden.jpg 600w, https:\/\/www.zeldi.de\/blog\/wp-content\/uploads\/2023\/01\/soelden-300x164.jpg 300w\" sizes=\"auto, (max-width: 600px) 100vw, 600px\" \/><figcaption>Campingplatz Camping S\u00f6lden<\/figcaption><\/figure>\n\n\n<h2>Camping S\u00f6lden<\/h2>\n<p>Der Campingplatz liegt auf 1.400 m und ist 1,3 ha gro\u00df. Der Campingplatz verf\u00fcgt \u00fcber 94 Stellpl\u00e4tze, davon sind 19 Komfort und 6 Premium Stellpl\u00e4tze. Die einzigartige Bergkulisse sorgt f\u00fcr das gelungene Wintercamper-Gef\u00fchl.<\/p>\n<p style=\"text-align: left;\"><a href=\"https:\/\/www.camping-soelden.com\/\">Informationen zum Camping\u00a0<\/a><\/p>\n<p>Mollig Warm im Vorzelt?! Dann brauchst du den Ecomat!<br \/><a href=\"https:\/\/www.zeldi.de\/95-Zubehoer\/710-Ecomat-2000-Heizungen-Heizgeraete\/\">Jetzt bestellen!<\/a><\/p>","protected":false},"excerpt":{"rendered":"<p>Camping bei Temperaturen um den Gefrierpunkt? Hier ein paar tolle Campingpl\u00e4tze in \u00d6STERREICH!<\/p>\n","protected":false},"author":3,"featured_media":1065,"comment_status":"open","ping_status":"closed","sticky":false,"template":"","format":"standard","meta":{"footnotes":""},"categories":[7],"tags":[257,256,258,44,261,253,259,43,216,70,252,255,254,260],"class_list":["post-1054","post","type-post","status-publish","format-standard","has-post-thumbnail","hentry","category-tipps-und-trends","tag-beste-plaetze-in-tirol","tag-campingplatz-im-winter","tag-campingplaetze-in-tirol","tag-dwt","tag-oetztal","tag-skifahren-mit-camper","tag-soelden","tag-thule","tag-ventura","tag-winter","tag-wintercamping","tag-wintervorzelte","tag-wohnwagen-im-winter","tag-zillertal"],"aioseo_notices":[],"_links":{"self":[{"href":"https:\/\/www.zeldi.de\/blog\/index.php?rest_route=\/wp\/v2\/posts\/1054","targetHints":{"allow":["GET"]}}],"collection":[{"href":"https:\/\/www.zeldi.de\/blog\/index.php?rest_route=\/wp\/v2\/posts"}],"about":[{"href":"https:\/\/www.zeldi.de\/blog\/index.php?rest_route=\/wp\/v2\/types\/post"}],"author":[{"embeddable":true,"href":"https:\/\/www.zeldi.de\/blog\/index.php?rest_route=\/wp\/v2\/users\/3"}],"replies":[{"embeddable":true,"href":"https:\/\/www.zeldi.de\/blog\/index.php?rest_route=%2Fwp%2Fv2%2Fcomments&post=1054"}],"version-history":[{"count":6,"href":"https:\/\/www.zeldi.de\/blog\/index.php?rest_route=\/wp\/v2\/posts\/1054\/revisions"}],"predecessor-version":[{"id":1067,"href":"https:\/\/www.zeldi.de\/blog\/index.php?rest_route=\/wp\/v2\/posts\/1054\/revisions\/1067"}],"wp:featuredmedia":[{"embeddable":true,"href":"https:\/\/www.zeldi.de\/blog\/index.php?rest_route=\/wp\/v2\/media\/1065"}],"wp:attachment":[{"href":"https:\/\/www.zeldi.de\/blog\/index.php?rest_route=%2Fwp%2Fv2%2Fmedia&parent=1054"}],"wp:term":[{"taxonomy":"category","embeddable":true,"href":"https:\/\/www.zeldi.de\/blog\/index.php?rest_route=%2Fwp%2Fv2%2Fcategories&post=1054"},{"taxonomy":"post_tag","embeddable":true,"href":"https:\/\/www.zeldi.de\/blog\/index.php?rest_route=%2Fwp%2Fv2%2Ftags&post=1054"}],"curies":[{"name":"wp","href":"https:\/\/api.w.org\/{rel}","templated":true}]}}